{"id":741,"date":"2025-02-02T14:48:55","date_gmt":"2025-02-02T14:48:55","guid":{"rendered":"https:\/\/www.ljusnaren.se\/?p=741"},"modified":"2025-04-27T18:46:20","modified_gmt":"2025-04-27T18:46:20","slug":"1842-09-25","status":"publish","type":"post","link":"https:\/\/www.ljusnaren.se\/index.php\/2025\/02\/02\/1842-09-25\/","title":{"rendered":"1842-09-25"},"content":{"rendered":"\n<p>St\u00e4mman har beslutat om brandskadest\u00f6dets grund, f\u00f6r de drabbade i Sj\u00f6fallet och de boende i Kyrkviken har ocks\u00e5 behov av hj\u00e4lp: \u00c5skan slog ner den andra juni, 1842 och d\u00f6dade kreaturen.<\/p>\n\n\n\n<h3 class=\"wp-block-heading\">\u00c5r 1842 den 25:e september h\u00f6lls allm\u00e4n sockenst\u00e4mma med Ljusnarsbergs f\u00f6rsamling efter d\u00e4rom 14 dagar f\u00f6rut skedd p\u00e5lysning fr\u00e5n predikstolen och tillk\u00e4nnagivande av \u00e4mnena f\u00f6r \u00f6verl\u00e4ggningen.<\/h3>\n\n\n\n<p><\/p>\n\n\n\n<p><em>\u00a71. D\u00e5 f\u00f6reg\u00e5ende sockenst\u00e4mmoprotokoll av den 4:e i denna m\u00e5nad blivit uppl\u00e4st anm\u00e4rkte f\u00f6rsamlingens n\u00e4rvarande ledam\u00f6ter att d\u00e5 f\u00f6rsamlingen ej kan \u00e5l\u00e4ggas till s\u00e5dan brandskada, varom 1\u00a7 n\u00e4mnda protokoll handlar, erl\u00e4gga n\u00e5gon slags ers\u00e4ttning f\u00f6r deras genom v\u00e5deld f\u00f6rlorade egendom, utan m\u00e5ste alltid anses s\u00e5som en frivillig g\u00e5va, borde icke eller n\u00e5gon viss summa eller procent best\u00e4mmas som de brandskadade skulle erh\u00e5lla, ity att dessa d\u00e4rigenom troligen skulle komma att anse sig ber\u00e4ttigade \u00e5tminstone till det underst\u00f6d av 30 procent, som i n\u00e4mnda protokolls f\u00f6rsta paragraf blivit best\u00e4mt, i anledning varav f\u00f6rsamlingen nu besl\u00f6t att slutet i n\u00e4mnda paragraf skulle erh\u00e5lla f\u00f6ljande lydelse:<\/em><\/p>\n\n\n\n<p><em>&#8221;och sedan upplyst blivit  _ _ _ _ uppkommit&#8221; best\u00e4mmer f\u00f6rsamlingen i allm\u00e4n sockenst\u00e4mma den g\u00e5va som de brandskadade av f\u00f6rsamlingens byggnadskassa m\u00e5 tilldelas.<\/em><\/p>\n\n\n\n<p><em>Sedan nu den \u00f6ver brandskadan vid Sj\u00f6fallet uppr\u00e4ttade v\u00e4rdering blivit av Herr inspektor Bergman p\u00e5 Stjernfors och n\u00e4mndeman Erik Persson i Viken granskad besl\u00f6t f\u00f6rsamlingen att till de brandskadade skulle byggnadskassan erl\u00e4gga f\u00f6ljande g\u00e5va: Neml. \u00e5t Peter Jansson vid Sj\u00f6fallet 75 Rd och dess m\u00e5g Jan Peter Ersson ibm 60 Rd allt Rgsedlar.<\/em><\/p>\n\n\n\n<p><br><em>\u00a72. Till gl. Anders Jansson och lb Jan Jansson vid Kyrkviken f\u00f6r vilka den 2:e sistlidne juni \u00e5skan ihj\u00e4lslagit n\u00e5gra kreatur, n\u00e4ml. f\u00f6r Anders Jansson tvenne tjurar och ett getkreatur, samt f\u00f6r Jan Jansson en kviga 2 1\/2 \u00e5r gammal, besl\u00f6t f\u00f6rsamlingen att till n\u00e5gon hj\u00e4lp i deras olycka av byggnadskassan tilldela den f\u00f6rre 20 Rd Rgs och den senare 10 Rd samma mynt.<\/em><\/p>\n\n\n\n<p><br><em>\u00a73. Med anledning av Konungens befallningshavandes sistlidne s\u00f6ndag uppl\u00e4ste kung\u00f6relse nr 173 valdes till deputerade, vilka tillika med kronofogden skola stadga det pris som f\u00f6r h\u00e4radet i priskuranten till markeg\u00e5ngss\u00e4ttningen skall intagas sex- och n\u00e4mndem\u00e4nnen Anders Andersson i K\u00f6rartorp och Eric Jansson i Stenn\u00e4s.<\/em><\/p>\n\n\n\n<p><em>S\u00e5lunda \u00f6verenskommet och beslutat, uppl\u00e4st och erk\u00e4nt betyga \u00e5 f\u00f6rsamlingens v\u00e4gnar,<br>J.D Westholm Ordf\u00f6rande<br>A. Magnusson<br>P.A Carlberg<\/em><\/p>\n\n\n\n<p><\/p>\n","protected":false},"excerpt":{"rendered":"<p>St\u00e4mman har beslutat om brandskadest\u00f6dets grund, f\u00f6r de drabbade i Sj\u00f6fallet och de boende i Kyrkviken har ocks\u00e5 behov av hj\u00e4lp: \u00c5skan slog ner den andra juni, 1842 och d\u00f6dade kreaturen. \u00c5r 1842 den 25:e september h\u00f6lls allm\u00e4n sockenst\u00e4mma med Ljusnarsbergs f\u00f6rsamling efter d\u00e4rom 14 dagar f\u00f6rut skedd p\u00e5lysning fr\u00e5n predikstolen och tillk\u00e4nnagivande av \u00e4mnena [&hellip;]<\/p>\n","protected":false},"author":1,"featured_media":743,"comment_status":"closed","ping_status":"closed","sticky":false,"template":"","format":"standard","meta":{"footnotes":""},"categories":[132,27,26,93,21],"tags":[168,169,105,170,133],"class_list":["post-741","post","type-post","status-publish","format-standard","has-post-thumbnail","hentry","category-132","category-boskap","category-brand","category-olycka","category-sockenstammoprotokoll","tag-aska","tag-boskap","tag-brandskada","tag-kyrkviken","tag-stennas"],"_links":{"self":[{"href":"https:\/\/www.ljusnaren.se\/index.php\/wp-json\/wp\/v2\/posts\/741","targetHints":{"allow":["GET"]}}],"collection":[{"href":"https:\/\/www.ljusnaren.se\/index.php\/wp-json\/wp\/v2\/posts"}],"about":[{"href":"https:\/\/www.ljusnaren.se\/index.php\/wp-json\/wp\/v2\/types\/post"}],"author":[{"embeddable":true,"href":"https:\/\/www.ljusnaren.se\/index.php\/wp-json\/wp\/v2\/users\/1"}],"replies":[{"embeddable":true,"href":"https:\/\/www.ljusnaren.se\/index.php\/wp-json\/wp\/v2\/comments?post=741"}],"version-history":[{"count":3,"href":"https:\/\/www.ljusnaren.se\/index.php\/wp-json\/wp\/v2\/posts\/741\/revisions"}],"predecessor-version":[{"id":745,"href":"https:\/\/www.ljusnaren.se\/index.php\/wp-json\/wp\/v2\/posts\/741\/revisions\/745"}],"wp:featuredmedia":[{"embeddable":true,"href":"https:\/\/www.ljusnaren.se\/index.php\/wp-json\/wp\/v2\/media\/743"}],"wp:attachment":[{"href":"https:\/\/www.ljusnaren.se\/index.php\/wp-json\/wp\/v2\/media?parent=741"}],"wp:term":[{"taxonomy":"category","embeddable":true,"href":"https:\/\/www.ljusnaren.se\/index.php\/wp-json\/wp\/v2\/categories?post=741"},{"taxonomy":"post_tag","embeddable":true,"href":"https:\/\/www.ljusnaren.se\/index.php\/wp-json\/wp\/v2\/tags?post=741"}],"curies":[{"name":"wp","href":"https:\/\/api.w.org\/{rel}","templated":true}]}}