{"id":746,"date":"2025-02-02T15:02:18","date_gmt":"2025-02-02T15:02:18","guid":{"rendered":"https:\/\/www.ljusnaren.se\/?p=746"},"modified":"2025-04-27T18:46:20","modified_gmt":"2025-04-27T18:46:20","slug":"1842-10-30","status":"publish","type":"post","link":"https:\/\/www.ljusnaren.se\/index.php\/2025\/02\/02\/1842-10-30\/","title":{"rendered":"1842-10-30"},"content":{"rendered":"\n<p>De fattiga i Stora Kumlan och Pingstatorp beviljas underst\u00f6d och pastorn funderar p\u00e5 n\u00e4r det passar b\u00e4st att h\u00e5lla katekesf\u00f6rh\u00f6ren&#8230;.<\/p>\n\n\n\n<h3 class=\"wp-block-heading\">\u00c5r 1842 den 30:e oktober h\u00f6lls allm\u00e4n sockenst\u00e4mma med Ljusnarsbergs f\u00f6rsamling efter d\u00e4rom 14 dagar f\u00f6rutskedd p\u00e5lysning fr\u00e5n predikstolen och tillk\u00e4nnagivande av \u00f6verl\u00e4ggnings\u00e4mnet.<\/h3>\n\n\n\n<p><em>\u00a71. Uppl\u00e4stes det vid Fattigv\u00e5rdens senaste sammantr\u00e4de f\u00f6rda protokoll som upptar anslag f\u00f6r n\u00e4stkommande \u00e5r \u00e5t socknens fattighjon. Dessa anslag blev nu av f\u00f6rsamlingens ledam\u00f6ter granskade och med n\u00e5gra f\u00e5 f\u00f6r\u00e4ndringar, vilka i ovann\u00e4mnda protokoll, denna dag blev intagna godk\u00e4nda.<\/em><\/p>\n\n\n\n<p><em><br>Dessutom beviljades f\u00f6rsamlingen med n\u00e5gra tillf\u00e4lliga anslag \u00e5t f\u00f6ljande beh\u00f6vande:<br>\u00c5t Jan Janssons \u00e4nka fr\u00e5n Stora Kumlan, vilken l\u00e4ngre tid av sjukdom varit urst\u00e5ndsatt att sj\u00e4lv sig v\u00e5rda, 1 Rd Rgs i veckan; och borde skriftlagets uppsyningsman f\u00f6ranstalta att hon f\u00f6r detta anslag erh\u00e5ller v\u00e5rd och sk\u00f6tsel.<br>\u00c5t Jan Janssons \u00e4nka fr\u00e5n Pingstatorp 6\/8 tunnor r\u00e5g och 6\/8 tunnor havre, allt att av f\u00f6rsamlingens fattigv\u00e5rdskassa utg\u00e5.<\/em><\/p>\n\n\n\n<p><em>\u00a72. F\u00f6rsamlingen besl\u00f6t och nu att \u00e5ldrige och br\u00e4cklige f.d vagnsmakaren Mats Ljunggren, vilken under 20 \u00e5rs tid, dock utan att h\u00e4r veterligen vara mantalsskriven, vistats \u00e4n h\u00e4r och \u00e4n d\u00e4r uti denna socken, skulle p\u00e5 n\u00e5got tj\u00e4nligt st\u00e4lle inackorderas till v\u00e5rd och sk\u00f6tsel. F\u00f6rsamlingen \u00f6verl\u00e4mnade \u00e5t socknens fattigf\u00f6rest\u00e5ndare att d\u00e4rom draga f\u00f6rsorg, och f\u00f6rbeh\u00f6ll den sig att ackordssumman f\u00f6r Ljunggren ej finge \u00f6verstiga h\u00f6gsta fattiganslaget eller 60 Rd Rgs.<\/em><\/p>\n\n\n\n<p><em>\u00a73. Framst\u00e4llde f\u00f6rsamlingens pastor till sockenm\u00e4nnens ombepr\u00f6vande, vilken tid p\u00e5 \u00e5ret vore l\u00e4mpligast f\u00f6r h\u00e5llande av de i kyrkolagen anbefallde Catechism i (\u2026)f\u00f6rh\u00f6ren och de av Stiftets biskops yrkade bibelf\u00f6rklaringar.<br>F\u00f6rsamlingens ledam\u00f6ter \u00f6verl\u00e4mnade detta m\u00e5l till kyrkoherdens (\u2026) ombepr\u00f6vande, vilken lovade att vid tillf\u00e4lle uppr\u00e4tta f\u00f6rslag d\u00e4rtill, som sedan i sockenst\u00e4mma f\u00f6rel\u00e4ggas f\u00f6rsamlingen.<\/em><\/p>\n\n\n\n<p><em>S\u00e5lunda beslutat och \u00f6verenskommet betyga \u00e5 f\u00f6rsamlingens v\u00e4gnar,<br>J.D Westholm Ordf\u00f6rande<br>C. Carlberg<br>(.) Bengtsson<\/em><\/p>\n","protected":false},"excerpt":{"rendered":"<p>De fattiga i Stora Kumlan och Pingstatorp beviljas underst\u00f6d och pastorn funderar p\u00e5 n\u00e4r det passar b\u00e4st att h\u00e5lla katekesf\u00f6rh\u00f6ren&#8230;. \u00c5r 1842 den 30:e oktober h\u00f6lls allm\u00e4n sockenst\u00e4mma med Ljusnarsbergs f\u00f6rsamling efter d\u00e4rom 14 dagar f\u00f6rutskedd p\u00e5lysning fr\u00e5n predikstolen och tillk\u00e4nnagivande av \u00f6verl\u00e4ggnings\u00e4mnet. \u00a71. Uppl\u00e4stes det vid Fattigv\u00e5rdens senaste sammantr\u00e4de f\u00f6rda protokoll som upptar anslag [&hellip;]<\/p>\n","protected":false},"author":1,"featured_media":427,"comment_status":"closed","ping_status":"closed","sticky":false,"template":"","format":"standard","meta":{"footnotes":""},"categories":[132,21],"tags":[171,5],"class_list":["post-746","post","type-post","status-publish","format-standard","has-post-thumbnail","hentry","category-132","category-sockenstammoprotokoll","tag-pinrgstatorp","tag-stora-kumlan"],"_links":{"self":[{"href":"https:\/\/www.ljusnaren.se\/index.php\/wp-json\/wp\/v2\/posts\/746","targetHints":{"allow":["GET"]}}],"collection":[{"href":"https:\/\/www.ljusnaren.se\/index.php\/wp-json\/wp\/v2\/posts"}],"about":[{"href":"https:\/\/www.ljusnaren.se\/index.php\/wp-json\/wp\/v2\/types\/post"}],"author":[{"embeddable":true,"href":"https:\/\/www.ljusnaren.se\/index.php\/wp-json\/wp\/v2\/users\/1"}],"replies":[{"embeddable":true,"href":"https:\/\/www.ljusnaren.se\/index.php\/wp-json\/wp\/v2\/comments?post=746"}],"version-history":[{"count":4,"href":"https:\/\/www.ljusnaren.se\/index.php\/wp-json\/wp\/v2\/posts\/746\/revisions"}],"predecessor-version":[{"id":750,"href":"https:\/\/www.ljusnaren.se\/index.php\/wp-json\/wp\/v2\/posts\/746\/revisions\/750"}],"wp:featuredmedia":[{"embeddable":true,"href":"https:\/\/www.ljusnaren.se\/index.php\/wp-json\/wp\/v2\/media\/427"}],"wp:attachment":[{"href":"https:\/\/www.ljusnaren.se\/index.php\/wp-json\/wp\/v2\/media?parent=746"}],"wp:term":[{"taxonomy":"category","embeddable":true,"href":"https:\/\/www.ljusnaren.se\/index.php\/wp-json\/wp\/v2\/categories?post=746"},{"taxonomy":"post_tag","embeddable":true,"href":"https:\/\/www.ljusnaren.se\/index.php\/wp-json\/wp\/v2\/tags?post=746"}],"curies":[{"name":"wp","href":"https:\/\/api.w.org\/{rel}","templated":true}]}}