{"id":761,"date":"2025-02-02T17:55:10","date_gmt":"2025-02-02T17:55:10","guid":{"rendered":"https:\/\/www.ljusnaren.se\/?p=761"},"modified":"2025-04-27T18:46:05","modified_gmt":"2025-04-27T18:46:05","slug":"1842-11-27","status":"publish","type":"post","link":"https:\/\/www.ljusnaren.se\/index.php\/2025\/02\/02\/1842-11-27\/","title":{"rendered":"1842-11-27"},"content":{"rendered":"\n<p>Ett mantalsskrivnings-\u00e4rende som brukspatronen Eriksson i Ramsberg sk\u00f6tt utan sockens medgivande, vilket leder till att han sj\u00e4lv blir ansvarig f\u00f6r dagkarlen Anders.<\/p>\n\n\n\n<h3 class=\"wp-block-heading\">Protocoll h\u00e5llet i allm\u00e4n sockenst\u00e4mma med Ljusnarsbergs f\u00f6rsamling d.27 nov. 1842<\/h3>\n\n\n\n<p><em>Pastor anm\u00e4lde brukspatronen C. Eriksson i Ramsberg hade p\u00e5 sina \u00e4gor vid Norra Bredsj\u00f6 intagit och d\u00e4r l\u00e5tit mantalsskriva dagkarlen Anders Samuelsson fr\u00e5n Norrb\u00e4rke och tillsporde nu f\u00f6rsamlingens ledam\u00f6ter om de till\u00e4t att denna man med sin familj \u00e4ven uti f\u00f6rh\u00f6rsboken antecknas. H\u00e4rtill svarades att d\u00e5 brukspatron Eriksson l\u00e5tit, utan f\u00f6rsamlingens h\u00f6rande, i denna socken mantalsskriva ovann\u00e4mnde dagkarl, s\u00e5 avsade sig f\u00f6rsamlingen allt ansvar f\u00f6r hans f\u00f6rs\u00f6rjande om han i framtiden skulle d\u00e4rav ha i behov. Emellertid skulle han, en\u00e4r han redan \u00e5ret f\u00f6rut h\u00e4r blivit mantalsskriven, \u00e4ven i f\u00f6rsamlings f\u00f6rh\u00f6rsbok antecknas.<\/em><\/p>\n\n\n\n<p><em>S\u00e5lunda beslutat samt uppl\u00e4st och justerat intyga \u00e5 f\u00f6rsamlingens v\u00e4gnar,<br>J.D Westholm Ordf\u00f6rande<br>A.Magnusson<br>Erik Segelstr\u00f6m<\/em><\/p>\n\n\n\n<p><\/p>\n","protected":false},"excerpt":{"rendered":"<p>Ett mantalsskrivnings-\u00e4rende som brukspatronen Eriksson i Ramsberg sk\u00f6tt utan sockens medgivande, vilket leder till att han sj\u00e4lv blir ansvarig f\u00f6r dagkarlen Anders. Protocoll h\u00e5llet i allm\u00e4n sockenst\u00e4mma med Ljusnarsbergs f\u00f6rsamling d.27 nov. 1842 Pastor anm\u00e4lde brukspatronen C. Eriksson i Ramsberg hade p\u00e5 sina \u00e4gor vid Norra Bredsj\u00f6 intagit och d\u00e4r l\u00e5tit mantalsskriva dagkarlen Anders Samuelsson [&hellip;]<\/p>\n","protected":false},"author":1,"featured_media":427,"comment_status":"closed","ping_status":"closed","sticky":false,"template":"","format":"standard","meta":{"footnotes":""},"categories":[132,21],"tags":[127,175],"class_list":["post-761","post","type-post","status-publish","format-standard","has-post-thumbnail","hentry","category-132","category-sockenstammoprotokoll","tag-mantalskrivning","tag-samuelsson"],"_links":{"self":[{"href":"https:\/\/www.ljusnaren.se\/index.php\/wp-json\/wp\/v2\/posts\/761","targetHints":{"allow":["GET"]}}],"collection":[{"href":"https:\/\/www.ljusnaren.se\/index.php\/wp-json\/wp\/v2\/posts"}],"about":[{"href":"https:\/\/www.ljusnaren.se\/index.php\/wp-json\/wp\/v2\/types\/post"}],"author":[{"embeddable":true,"href":"https:\/\/www.ljusnaren.se\/index.php\/wp-json\/wp\/v2\/users\/1"}],"replies":[{"embeddable":true,"href":"https:\/\/www.ljusnaren.se\/index.php\/wp-json\/wp\/v2\/comments?post=761"}],"version-history":[{"count":2,"href":"https:\/\/www.ljusnaren.se\/index.php\/wp-json\/wp\/v2\/posts\/761\/revisions"}],"predecessor-version":[{"id":763,"href":"https:\/\/www.ljusnaren.se\/index.php\/wp-json\/wp\/v2\/posts\/761\/revisions\/763"}],"wp:featuredmedia":[{"embeddable":true,"href":"https:\/\/www.ljusnaren.se\/index.php\/wp-json\/wp\/v2\/media\/427"}],"wp:attachment":[{"href":"https:\/\/www.ljusnaren.se\/index.php\/wp-json\/wp\/v2\/media?parent=761"}],"wp:term":[{"taxonomy":"category","embeddable":true,"href":"https:\/\/www.ljusnaren.se\/index.php\/wp-json\/wp\/v2\/categories?post=761"},{"taxonomy":"post_tag","embeddable":true,"href":"https:\/\/www.ljusnaren.se\/index.php\/wp-json\/wp\/v2\/tags?post=761"}],"curies":[{"name":"wp","href":"https:\/\/api.w.org\/{rel}","templated":true}]}}