{"id":783,"date":"2025-02-02T18:58:47","date_gmt":"2025-02-02T18:58:47","guid":{"rendered":"https:\/\/www.ljusnaren.se\/?p=783"},"modified":"2025-04-27T18:46:05","modified_gmt":"2025-04-27T18:46:05","slug":"1843-03-26","status":"publish","type":"post","link":"https:\/\/www.ljusnaren.se\/index.php\/2025\/02\/02\/1843-03-26\/","title":{"rendered":"1843-03-26"},"content":{"rendered":"\n<p>\u00c4nkefru och barnmorskan Eva Christina Nordgren inkom med en skrivelse ang\u00e5ende hennes ers\u00e4ttning d\u00e4r hon hellre vill ha penningar \u00e4n erbjuden s\u00e4d &#8211; n\u00e5got st\u00e4mman godk\u00e4nner.<\/p>\n\n\n\n<h3 class=\"wp-block-heading\">\u00c5r 1843 den 26:e mars h\u00f6lls efter d\u00e4rom 14 dagar f\u00f6rutskedd p\u00e5lysning fr\u00e5n predikstolen och tillk\u00e4nnagivande av \u00e4mnena f\u00f6r \u00f6verl\u00e4ggningen, allm\u00e4n sockenst\u00e4mma med Ljusnarsbergs f\u00f6rsamling<\/h3>\n\n\n\n<p><em>\u00a71. F\u00f6redrog detta \u00e5rets mantalsl\u00e4ngd och underskrevs varvid tillk\u00e4nnagavs att den n\u00e5gon tid \u00e4r hos f\u00f6rsamlingens pastor att tillg\u00e5, f\u00f6r den som \u00f6nskar att av den samma taga n\u00e4rmare k\u00e4nnedom.<\/em><br><em>\u00a72. Till sockenfullm\u00e4ktig, vid m\u00f6nstringen med denna sockens bev\u00e4ringsmanskap d 4:e maj d.\u00e5., valdes bergsmannen Anders Andersson i Bj\u00f6rk\u00e4ng.<\/em><br><em>\u00a73. \u00c5t Jonas Perssons fr\u00e5n Rundberg son Jan Erik vilken detta \u00e5r g\u00e5r i nattvardsskolan, men \u00e4r alldeles utblottad p\u00e5 kl\u00e4der, anslogs 10 Rd Banco.<\/em><br><em>\u00a74. Avlidne Anders Ersson Eks son Gustaf p\u00e5 12:e \u00e5ret gammal, vilket enligt n\u00e4mndeman E. Segelstr\u00f6ms i V\u00e4stra L\u00f6ffall skriftliga intyg icke hade n\u00e5got i arv att f\u00f6rv\u00e4nta efter sina f\u00f6r\u00e4ldrar, vore d\u00e4rf\u00f6r i h\u00f6gsta behov av n\u00e5gon hj\u00e4lp under hans skoltid. F\u00f6rsamlingen besl\u00f6t att Per Andersson i Kumlan skulle vidtalas att l\u00e4ra denne gosse l\u00e4sa och under samma tid s\u00f6ka n\u00e5got passande st\u00e4lle f\u00e5 honom inackorderad till s\u00e5 lindrigt pris som kunde erh\u00e5llas.<\/em><br><em>\u00a75. F\u00f6r(\u2026) och uppl\u00e4stes en r\u00e4kning fr\u00e5n g\u00e4stgivaren A.G Andersson upp\u00e5 f\u00f6nsterarbete i sockenstugan och Capellansg\u00e5rden, samt utl\u00e4mnade medikamenter \u00e5t fattiga inom socknen, vilken r\u00e4kning uppg\u00e5ende till 27 Rd 27 B Banco godk\u00e4ndes till betalning av byggnadskassan.<\/em><br><em>\u00a76. Beviljades en f\u00f6rh\u00f6jning av 15 organistl\u00f6ner p\u00e5 taxeringen till fattig\u00e5rdskassan och utgjorde s\u00e5ledes hela anslaget till de fattiga f\u00f6r \u00e5ret 75 organisttaxor.<br>\u00a77. F\u00f6rsamlingens barnmorska \u00e4nkefru Nordgren l\u00e4t inl\u00e4mna en f\u00f6ljande skrivelse:<\/em><\/p>\n\n\n\n<p class=\"has-text-align-center\"><br><em>&#8221;Till Ljusnarsbergs f\u00f6rsamling<br>Som det av H\u00f6glovliga Bergstingsr\u00e4ttens ledam\u00f6ter l\u00e4rer blivit beslutat att min f\u00f6rr av bergslagsmagasinet utg\u00e5ende l\u00f6n h\u00e4danefter kommer att av f\u00f6rsamlingens byggnadskassa erl\u00e4ggas, s\u00e5 f\u00e5r jag i aller djupaste \u00f6dmjukhet anh\u00e5lla att det i st\u00e4llet f\u00f6r s\u00e4d erh\u00e5lla kontanta penningar till det belopp, som kan vara emot s\u00e4dens fulla v\u00e4rde, eller ett best\u00e4mt pris i st\u00e4llet f\u00f6r 5 tunnor s\u00e4d, 4 s\u00e5 kallade organistl\u00f6ner.<br>Ljusnarsberg, den 26:e mars 1843, Eva Christ. Nordgren&#8221;<\/em><\/p>\n\n\n\n<p><em>Sedan denna skrift blivit uppl\u00e4st, tillspordes f\u00f6rsamlingens ledam\u00f6ter om de ville fru Nordgrens beg\u00e4ran bifalla, vartill svarades att f\u00f6rsamlingen icke kunde tinga p\u00e5 n\u00e5got best\u00e4mt pris f\u00f6r fru Nordgrens l\u00f6ningss\u00e4d, en\u00e4r spannm\u00e5lsprisen f\u00f6r varje \u00e5r \u00e4r s\u00e5 olika, utan skulle det st\u00e5nda fru Nordgren s\u00e5som barnmorska, fritt att antingen hos byggnadskass\u00f6ren utta s\u00e4den in natura, eller taga l\u00f6sen f\u00f6r den samma i \u00f6verensst\u00e4mmelse med det pris som inom orten f\u00f6r varje \u00e5r g\u00e5r och g\u00e4ller.<\/em><\/p>\n\n\n\n<p><br><em>\u00a78. Ordf\u00f6randen anm\u00e4lde att dr\u00e4ngen Carl Ersson fr\u00e5n V\u00e4stra L\u00f6ffall blivit vansinnig, varf\u00f6r f\u00f6rsamlingen besl\u00f6t att han skulle till l\u00e4nslasarettet avs\u00e4ndas f\u00f6r att underg\u00e5 provkur. Intill dess svar hinner ankomma om n\u00e5got rum \u00e5 lasarettet f\u00f6r denna olyckliga vore ledigt, skulle skriftlagets uppsyningsman J. B\u00e4cker vid V\u00e4stra L\u00f6ffall f\u00f6ranstalta att han hos n\u00e5gon m\u00e5tte f\u00e5 inhysa till tillsyn och v\u00e5rd. D\u00e5 ingen vid sockenst\u00e4mman var n\u00e4rvarande som kunde besvara de fr\u00e5gor, vilka av uti Landsh\u00f6vdinge\u00e4mbetets kung\u00f6relse av den 24:e mars 1836 \u00e5r f\u00f6reskrivna f\u00f6r vansinnigas antagning \u00e5 lasarettet, besl\u00f6ts att J. B\u00e4cker och den sinnessjukas moder skulle i veckan infinna sig hos pastor f\u00f6r att uppgiva svar \u00e5 ovann\u00e4mnda fr\u00e5gor.<\/em><\/p>\n\n\n\n<p><em>S\u00e5lunda \u00f6verenskommet och beslutat intyga \u00e5 f\u00f6rsamlingens v\u00e4gnar,<br>J.D Westholm Ordf. Pastor<br>Eric Jansson<br>Eric Persson i Wiken<\/em><\/p>\n","protected":false},"excerpt":{"rendered":"<p>\u00c4nkefru och barnmorskan Eva Christina Nordgren inkom med en skrivelse ang\u00e5ende hennes ers\u00e4ttning d\u00e4r hon hellre vill ha penningar \u00e4n erbjuden s\u00e4d &#8211; n\u00e5got st\u00e4mman godk\u00e4nner. \u00c5r 1843 den 26:e mars h\u00f6lls efter d\u00e4rom 14 dagar f\u00f6rutskedd p\u00e5lysning fr\u00e5n predikstolen och tillk\u00e4nnagivande av \u00e4mnena f\u00f6r \u00f6verl\u00e4ggningen, allm\u00e4n sockenst\u00e4mma med Ljusnarsbergs f\u00f6rsamling \u00a71. F\u00f6redrog detta \u00e5rets [&hellip;]<\/p>\n","protected":false},"author":1,"featured_media":784,"comment_status":"closed","ping_status":"closed","sticky":false,"template":"","format":"standard","meta":{"footnotes":""},"categories":[176,21],"tags":[115,163,185,183,91,184,186],"class_list":["post-783","post","type-post","status-publish","format-standard","has-post-thumbnail","hentry","category-176","category-sockenstammoprotokoll","tag-barnmorska","tag-galenskap","tag-kapellansgarden","tag-nordgren","tag-orebro-lasarett","tag-rundberg","tag-vastra-lovfall"],"_links":{"self":[{"href":"https:\/\/www.ljusnaren.se\/index.php\/wp-json\/wp\/v2\/posts\/783","targetHints":{"allow":["GET"]}}],"collection":[{"href":"https:\/\/www.ljusnaren.se\/index.php\/wp-json\/wp\/v2\/posts"}],"about":[{"href":"https:\/\/www.ljusnaren.se\/index.php\/wp-json\/wp\/v2\/types\/post"}],"author":[{"embeddable":true,"href":"https:\/\/www.ljusnaren.se\/index.php\/wp-json\/wp\/v2\/users\/1"}],"replies":[{"embeddable":true,"href":"https:\/\/www.ljusnaren.se\/index.php\/wp-json\/wp\/v2\/comments?post=783"}],"version-history":[{"count":1,"href":"https:\/\/www.ljusnaren.se\/index.php\/wp-json\/wp\/v2\/posts\/783\/revisions"}],"predecessor-version":[{"id":785,"href":"https:\/\/www.ljusnaren.se\/index.php\/wp-json\/wp\/v2\/posts\/783\/revisions\/785"}],"wp:featuredmedia":[{"embeddable":true,"href":"https:\/\/www.ljusnaren.se\/index.php\/wp-json\/wp\/v2\/media\/784"}],"wp:attachment":[{"href":"https:\/\/www.ljusnaren.se\/index.php\/wp-json\/wp\/v2\/media?parent=783"}],"wp:term":[{"taxonomy":"category","embeddable":true,"href":"https:\/\/www.ljusnaren.se\/index.php\/wp-json\/wp\/v2\/categories?post=783"},{"taxonomy":"post_tag","embeddable":true,"href":"https:\/\/www.ljusnaren.se\/index.php\/wp-json\/wp\/v2\/tags?post=783"}],"curies":[{"name":"wp","href":"https:\/\/api.w.org\/{rel}","templated":true}]}}