{"id":786,"date":"2025-02-02T19:04:23","date_gmt":"2025-02-02T19:04:23","guid":{"rendered":"https:\/\/www.ljusnaren.se\/?p=786"},"modified":"2025-04-27T18:46:05","modified_gmt":"2025-04-27T18:46:05","slug":"1843-04-23","status":"publish","type":"post","link":"https:\/\/www.ljusnaren.se\/index.php\/2025\/02\/02\/1843-04-23\/","title":{"rendered":"1843-04-23"},"content":{"rendered":"\n<p>Ljusnarsberg har f\u00e5tt statsbidrag f\u00f6r att kunna dra om v\u00e4garna i socknen, p\u00e5 ett belopp som i dagens k\u00f6pkraft motsvarar ca 1,6 Msek&#8230;<\/p>\n\n\n\n<h3 class=\"wp-block-heading\">\u00c5r 1843 den 23:e april h\u00f6lls allm\u00e4n sockenst\u00e4mma med Ljusnarsbergs f\u00f6rsamling sedan \u00e4mnena f\u00f6r \u00f6verl\u00e4ggningen blivit i laga ordning fr\u00e5n predikstolen kungjorda.<\/h3>\n\n\n\n<p><em>\u00a71. Sedan Kongl. Majt i n\u00e5der anvisat ett anslag av 11&#8217;630 Rd Banco f\u00f6r v\u00e4goml\u00e4ggningar i denna socken och till f\u00f6lje av Konungens befallningshavandes d\u00e4rom till Pastors\u00e4mbetet avl\u00e5tna skrivelse voro f\u00f6rsamlingens ledam\u00f6ter idag kallade att v\u00e4lja deputerade i och f\u00f6r v\u00e4goml\u00e4ggningsarbetets utf\u00f6rande.<\/em><\/p>\n\n\n\n<p><br><em>Ordf\u00f6randen uppmanande d\u00e4rf\u00f6r f\u00f6rsamlingens ledam\u00f6ter att f\u00f6rst best\u00e4mma antalet av de deputerade vilja borde v\u00e4ljas. Efter n\u00e5gon \u00f6verl\u00e4ggning besl\u00f6t f\u00f6rsamlingen att utse fyra deputerade eller en f\u00f6r varje a de s\u00e4rskilda v\u00e4gstr\u00e4ckor vilka beh\u00f6va oml\u00e4ggas eller f\u00f6rb\u00e4ttras. Till f\u00f6lje h\u00e4rav valdes f\u00f6ljande deputerade vid v\u00e4gbyggnadsarbetets utf\u00f6rande, neml: Herr postm\u00e4stare Claes Carlberg p\u00e5 Konstdammen, Herr Inspektor A. Magnusson p\u00e5 Stjernfors bruk, patron I.N Eriksson p\u00e5 Laxbro och n\u00e4mndemannen Er. Kronberg p\u00e5 Lill\u00e4ng. H\u00e4refter ordades mycket om sj\u00e4lva s\u00e4ttet hur ovann\u00e4mnda arbete skulle utf\u00f6ras, varvid pastor hemst\u00e4llde om ej detta borde bli f\u00f6rem\u00e5l f\u00f6r en ny sockenst\u00e4mma n\u00e4r d\u00e4rom till idag ej blivit p\u00e5lyst. F\u00f6rsamlingens ledam\u00f6ter ink\u00e4nde sig (\u2026) av denna anm\u00e4rkning, besl\u00f6t att innan nu valda deputerade f\u00f6reta n\u00e5got med v\u00e4garbetet, skulle f\u00f6rsamlingen f\u00f6rst i allm\u00e4n sockenst\u00e4mma d\u00e4r \u00f6verh\u00f6ras.<\/em><\/p>\n\n\n\n<p><em><br>\u00a72 Till ledam\u00f6ter uti \u00e5rets taxeringskommitt\u00e9, vilken \u00e5 sockenstugan sammantr\u00e4der den 8:e n\u00e4stkommande juni, valdes utom f\u00f6rsamlingens pastor, herr bergm\u00e4staren B.G Bredberg, postm\u00e4staren herr P.A Carlberg p\u00e5 Abrahamsg\u00e5rd, patron P.I Lundbom p\u00e5 L\u00f6vn\u00e4s, n\u00e4mndeman E. Hellsten p\u00e5 Bj\u00f6rkbro, E. Segelstr\u00f6m p\u00e5 V\u00e4stra L\u00f6fffall, E. Kronberg p\u00e5 Lill\u00e4ng och Eric Persson i Viken. I h\u00e4ndelse bergm\u00e4staren Bredberg skulle vara f\u00f6rhindrad att kommitt\u00e9n \u00f6vervara, valdes s\u00e5som suppleant herr handelsman J. \u00c5kergren vid Norra Bergsg\u00e5rden.<\/em><\/p>\n\n\n\n<p><br><em>\u00a73. Avkortningsl\u00e4ngden f\u00f6redrogs och underskrevs utan anm\u00e4rkning.<\/em><\/p>\n\n\n\n<p><br><em>\u00a74. Till revisorer vilka detta \u00e4r b\u00f6r granska kyrkans, de fattigas, skolfondens, Fromma stiftelsens, bokkasssans och lasarettetes \u00e4ven som byggnads- och fattigv\u00e5rdskassornas r\u00e4kenskaper, valdes herr inspektor E.G Bergman p\u00e5 Stjernfors, handlanden J.F Behrling vid Sundet och g\u00e4stgivaren A.G. Andersson vid Ljusnarsbergsg\u00e5rd.<\/em><\/p>\n\n\n\n<p><em><br>\u00a75. Till Sven Janssons \u00e4nka vid Orrbacks\u00e4ng, vilken efter l\u00e5ngvarig sjuklighet befinner sig i ganska sv\u00e5ra omst\u00e4ndigheter beviljade f\u00f6rsamlingen av fattigv\u00e5rdskassan 1\/4 tunna r\u00e5g.<\/em><\/p>\n\n\n\n<p><em>S\u00e5lunda valt och beslutat, uppl\u00e4st och erk\u00e4nt, betyga \u00e5 f\u00f6rsamlingens v\u00e4gnar,<br>J.D Westholm Ordf. Pastor<br>Erik Segelstr\u00f6m<br>A. Magnusson<br>J. \u00c5kergren<\/em><\/p>\n\n\n\n<p><\/p>\n","protected":false},"excerpt":{"rendered":"<p>Ljusnarsberg har f\u00e5tt statsbidrag f\u00f6r att kunna dra om v\u00e4garna i socknen, p\u00e5 ett belopp som i dagens k\u00f6pkraft motsvarar ca 1,6 Msek&#8230; \u00c5r 1843 den 23:e april h\u00f6lls allm\u00e4n sockenst\u00e4mma med Ljusnarsbergs f\u00f6rsamling sedan \u00e4mnena f\u00f6r \u00f6verl\u00e4ggningen blivit i laga ordning fr\u00e5n predikstolen kungjorda. \u00a71. Sedan Kongl. Majt i n\u00e5der anvisat ett anslag av [&hellip;]<\/p>\n","protected":false},"author":1,"featured_media":637,"comment_status":"closed","ping_status":"closed","sticky":false,"template":"","format":"standard","meta":{"footnotes":""},"categories":[176,28,21],"tags":[187,189,188,128,190],"class_list":["post-786","post","type-post","status-publish","format-standard","has-post-thumbnail","hentry","category-176","category-infrastruktur","category-sockenstammoprotokoll","tag-konstdammen","tag-laxbro","tag-lillang","tag-vagar","tag-vagomlaggningsarbete"],"_links":{"self":[{"href":"https:\/\/www.ljusnaren.se\/index.php\/wp-json\/wp\/v2\/posts\/786","targetHints":{"allow":["GET"]}}],"collection":[{"href":"https:\/\/www.ljusnaren.se\/index.php\/wp-json\/wp\/v2\/posts"}],"about":[{"href":"https:\/\/www.ljusnaren.se\/index.php\/wp-json\/wp\/v2\/types\/post"}],"author":[{"embeddable":true,"href":"https:\/\/www.ljusnaren.se\/index.php\/wp-json\/wp\/v2\/users\/1"}],"replies":[{"embeddable":true,"href":"https:\/\/www.ljusnaren.se\/index.php\/wp-json\/wp\/v2\/comments?post=786"}],"version-history":[{"count":3,"href":"https:\/\/www.ljusnaren.se\/index.php\/wp-json\/wp\/v2\/posts\/786\/revisions"}],"predecessor-version":[{"id":790,"href":"https:\/\/www.ljusnaren.se\/index.php\/wp-json\/wp\/v2\/posts\/786\/revisions\/790"}],"wp:featuredmedia":[{"embeddable":true,"href":"https:\/\/www.ljusnaren.se\/index.php\/wp-json\/wp\/v2\/media\/637"}],"wp:attachment":[{"href":"https:\/\/www.ljusnaren.se\/index.php\/wp-json\/wp\/v2\/media?parent=786"}],"wp:term":[{"taxonomy":"category","embeddable":true,"href":"https:\/\/www.ljusnaren.se\/index.php\/wp-json\/wp\/v2\/categories?post=786"},{"taxonomy":"post_tag","embeddable":true,"href":"https:\/\/www.ljusnaren.se\/index.php\/wp-json\/wp\/v2\/tags?post=786"}],"curies":[{"name":"wp","href":"https:\/\/api.w.org\/{rel}","templated":true}]}}