{"id":797,"date":"2025-02-02T19:51:17","date_gmt":"2025-02-02T19:51:17","guid":{"rendered":"https:\/\/www.ljusnaren.se\/?p=797"},"modified":"2025-04-27T18:46:05","modified_gmt":"2025-04-27T18:46:05","slug":"1843-05-28","status":"publish","type":"post","link":"https:\/\/www.ljusnaren.se\/index.php\/2025\/02\/02\/1843-05-28\/","title":{"rendered":"1843-05-28"},"content":{"rendered":"\n<p>Ljusnarsbergs d\u00f6dgr\u00e4vare (ringarna) nekar till att gr\u00e4va gravar \u00e5t sj\u00e4lvspillare (sj\u00e4lvmord) och f\u00e5r ultimatum att om de vill beh\u00e5lla jobbet s\u00e5 \u00e4r det bara att gr\u00e4va&#8230;<\/p>\n\n\n\n<h3 class=\"wp-block-heading\">\u00c5r 1843 den 28:e maj h\u00f6lls allm\u00e4n sockenst\u00e4mma med Ljusnarsbergs f\u00f6rsamling, sedan kung\u00f6relse d\u00e4rom fr\u00e5n predikstolen 14 dagar f\u00f6rst blivit uppl\u00e4st med tillk\u00e4nnagivande av \u00e4mnena f\u00f6r \u00f6verl\u00e4ggningen.<\/h3>\n\n\n\n<p><em>\u00a71. Uppl\u00e4stes, godk\u00e4ndes och underskrev , kyrkans, de fattigas, skolfondens, Fromma stiftelsens, bokkassans och lasarettets r\u00e4kenskaper; varvid beh\u00e5llningen den 1:a maj befanns vara:<\/em><\/p>\n\n\n\n<p><em>\u00a72. Uppl\u00e4stes av byggnadskass\u00f6ren herr Johan Adler byggnadskassans r\u00e4kenskaper f\u00f6r \u00e5r 1842 varav befanns att:<\/em><\/p>\n\n\n\n<figure class=\"wp-block-image size-large\"><img loading=\"lazy\" decoding=\"async\" width=\"884\" height=\"1024\" src=\"https:\/\/www.ljusnaren.se\/wp-content\/uploads\/2025\/02\/EKO1-884x1024.png\" alt=\"\" class=\"wp-image-798\" srcset=\"https:\/\/www.ljusnaren.se\/wp-content\/uploads\/2025\/02\/EKO1-884x1024.png 884w, https:\/\/www.ljusnaren.se\/wp-content\/uploads\/2025\/02\/EKO1-259x300.png 259w, https:\/\/www.ljusnaren.se\/wp-content\/uploads\/2025\/02\/EKO1-768x889.png 768w, https:\/\/www.ljusnaren.se\/wp-content\/uploads\/2025\/02\/EKO1.png 919w\" sizes=\"auto, (max-width: 884px) 100vw, 884px\" \/><\/figure>\n\n\n\n<p><\/p>\n\n\n\n<figure class=\"wp-block-image size-full\"><img loading=\"lazy\" decoding=\"async\" width=\"942\" height=\"502\" src=\"https:\/\/www.ljusnaren.se\/wp-content\/uploads\/2025\/02\/EKO2.png\" alt=\"\" class=\"wp-image-799\" srcset=\"https:\/\/www.ljusnaren.se\/wp-content\/uploads\/2025\/02\/EKO2.png 942w, https:\/\/www.ljusnaren.se\/wp-content\/uploads\/2025\/02\/EKO2-300x160.png 300w, https:\/\/www.ljusnaren.se\/wp-content\/uploads\/2025\/02\/EKO2-768x409.png 768w\" sizes=\"auto, (max-width: 942px) 100vw, 942px\" \/><\/figure>\n\n\n\n<p><em>Alla dessa r\u00e4kenskaper komma att uti ing\u00e5ende vecka av d\u00e4rtill utsedda revisorer n\u00e4rmare granskas.<\/em><\/p>\n\n\n\n<p><em>I ordning att bli rotm\u00e4stare var f\u00f6ljande:<br>Bruks Roten Nr 5 Abrahamsg\u00e5rd &#8211; Krokfors bolag<br>Hed &#8221; &#8221; 202 Klotbacken &#8211; Jan Andersson<br>Norrsj\u00f6 &#8221; &#8221; 326 R\u00e4lln &#8211; Carl Persson<br>Stjernfors &#8221; &#8221; 404 Tall\u00e5sen &#8211; Brukspatron Cederborgh<br>Ljusnars &#8221; &#8221; 390 Lilla Smedberg &#8211; Peter Jansson Mur<br>St\u00e4lldahls &#8221; &#8221; 263 L\u00f6fskogen &#8211; Erik Persson Lax<br>H\u00f6rks 1:a &#8221; &#8221; 89 V:a Elfsh\u00f6jden &#8211; Per Eric Nilsson<br>H\u00f6rks 2:a &#8221; &#8221; 9 Afl\u00e5ngsberg &#8211; Fredric Jansson<\/em><\/p>\n\n\n\n<p><em>\u00a73. Till bestridande av byggnadskassans utgifter beviljades en taxering av 75 organistl\u00f6ner<\/em><\/p>\n\n\n\n<p><br><em>\u00a74. Herr kass\u00f6r J. Adler tillk\u00e4nnagav sin \u00f6nskan att i anseende till sin framskridna \u00e5lder, fr\u00e5n befattningen med byggnads- och fattigv\u00e5rdskassornas r\u00e4kenskaper varda befriad, och n\u00e5gon annan i hans st\u00e4lle d\u00e4rtill utsedd, men d\u00e5 f\u00f6rsamlingens ledam\u00f6ter s\u00f6kte \u00f6vertala herr kass\u00f6ren att d\u00e4rmed fortfara, lovade han att \u00e4nnu ett \u00e5r denna sin befattning bibeh\u00e5lla.<\/em><\/p>\n\n\n\n<p><br><em>\u00a75. Besl\u00f6ts att kyrkans torn, tak och klockstapel skulle denna sommar tj\u00e4rstrykas. Kostnaden d\u00e4r f\u00f6r ans\u00e5gs b\u00f6ra till taxa skulle utg\u00e5 av kyrkans kassa.<\/em><\/p>\n\n\n\n<p><br><em>Sedan flera av de kring kyrkan planterade tr\u00e4d utd\u00f6tt ans\u00e5g f\u00f6rsamlingen att nya i deras st\u00e4lle skulle planteras; och anmodades herr postm\u00e4staren P.A Carlberg p\u00e5 Abrahamsg\u00e5rd att mot sk\u00e4ligt arvode genom tj\u00e4nlig person d\u00e4rom bestyra. Vidare besl\u00f6ts att ett vite av 3 Rd och 16 B Banco skulle uts\u00e4ttas f\u00f6r den eller dem som p\u00e5 kyrkans mark tar sand. \u00c5 detta beslut skulle hos (\u2026) H\u00e4radsr\u00e4tten s\u00f6kas vederb\u00f6rlig stadf\u00e4stelse. Fri att s\u00e5 utr\u00f6nt hur stort utm\u00e5l kyrkan verkligen \u00e4ger, skulle herr ingenj\u00f6ren Edberg r\u00e5dtalas att detsamma uppm\u00e4ta och r\u00f6sl\u00e4gga.<\/em><\/p>\n\n\n\n<p><em>\u00a76. Sedan de nu varande ringarna, vilka vilka \u00e4r tillika \u00e4r d\u00f6dgr\u00e4vare, nekat att uppta grav \u00e5t sj\u00e4lvspillingar som enligt h\u00e4radsr\u00e4ttens beslut f\u00e5 i kyrkog\u00e5rd begravas, f\u00e5 besluta att ringarna s\u00e5 framt de vilja sin tj\u00e4nst beh\u00e5lla, skola vara f\u00f6rbundna att s\u00e5dana gravar uppta mot ett best\u00e4mt arvode av 32 B Banco, utom under den tid n\u00e4r marken \u00e4r h\u00e5rt tillfrusen, d\u00e5 1 Rd Banco gravarna beviljas. I sammanhang h\u00e4rmed f\u00f6rekom och fr\u00e5gan om ringarens skyldighet att mot s\u00e4rskilt arvode ansvara f\u00f6r helgm\u00e5ls- och tingsringningarna. VAd helgm\u00e5lsringningarna vidkommer, ans\u00e5g f\u00f6rsamlingens ledam\u00f6ter, dessa enligt gammal sed vara klockarens \u00e5liggande och vad de senare, eller tingsringningarna betr\u00e4ffar, ans\u00e5g sockenm\u00e4nnen f\u00f6r varje s\u00e5dan ringning 16 B Banco, d\u00e5 det ska vara ringarens skyldighet att d\u00e4r f\u00f6re ansvara &#8211; till Adam Svensson vilken i 16 \u00e5rs tid denna ringning bestritt, ans\u00e5g f\u00f6rsamlingen en gratifikation av 8 Rd Rgs.<br>F\u00f6r \u00f6vrigt besl\u00f6t f\u00f6rsamlingen att ett nytt kontrakt skulle med ringarna uppr\u00e4ttas, vilket i allm\u00e4n sockenst\u00e4mma f\u00f6rsamlingen f\u00f6rel\u00e4ggas. Sedan Adam Svensson anm\u00e4lt behov nya gravplankor, besl\u00f6ts att s\u00e5dana skulle snarligen inskaffas av 2 1\/2 tums tjocklek.<\/em><\/p>\n\n\n\n<p><em>\u00a77. F\u00f6rsamlingens kyrkoherde anm\u00e4lde behovet av logens ombyggnad i pr\u00e4stg\u00e5rden, avseende om brygghusmurens reparation d\u00e4rst\u00e4des, vilket s\u00e5som n\u00f6digt befunnet, beviljades, och skulle byggnadsdirekt\u00f6ren s\u00e5 v\u00e4l om dessa som om andra beh\u00f6vliga reparation \u00e5 sockenstugan draga f\u00f6rsorg.<\/em><\/p>\n\n\n\n<p><em>\u00a78. F\u00f6rekom \u00e5 nya fr\u00e5gan om anskaffandet om ett b\u00e4ttre och tj\u00e4nligare skolrum \u00e4n det , som hittills vid Myrbo blivit begagnat. De nu n\u00e4rvarande sockenm\u00e4nnen besl\u00f6t att rum f\u00f6r H\u00e4radsh\u00f6vdingen skulle inredas uti Bergstingshuset, varest \u00e4ven h\u00e4radstingen h\u00e4danefter skulle h\u00e5llas, d\u00e5 sockenstugan d\u00e4remot skulle uppl\u00e5tas till skolrum<\/em><\/p>\n\n\n\n<p><em>\u00a79. Handlanden \u00c5kergren vid Norra Bergsg\u00e5rden hade uti ingiven skrivelse till denna sockenst\u00e4mma, beg\u00e4rt ers\u00e4ttning f\u00f6r bete \u00e5t kyrkoherdens kreatur. F\u00f6rsamlingen ans\u00e5g att unders\u00f6kning f\u00f6rst borde h\u00e5llas huruvida kyrkoherdebost\u00e4llet kunde till n\u00e4mnda bete \u00e4ga r\u00e4tt, d\u00e5, i motsatt fall, ackord skulle med herr \u00c5kergren uppg\u00f6ras om billigaste priset p\u00e5 betet.<\/em><\/p>\n\n\n\n<p><em>\u00a710. G\u00e4stgivaren Andersson l\u00e4t inl\u00e4mna en r\u00e4kning \u00f6ver logi m.m f\u00f6r de herrar vilka f\u00f6rr\u00e4ttat bev\u00e4ringsm\u00f6nstringen, uppg\u00e5ende till 8 Rd Banco. F\u00f6rsamlingen godk\u00e4nde v\u00e4l f\u00f6r denna g\u00e5ng, n\u00e4mnda r\u00e4kning till betalning av byggnadskassasn, men avsade sig f\u00f6r framtiden all betalningsskyldighet f\u00f6r dylika r\u00e4kningar.<\/em><\/p>\n\n\n\n<p><em>\u00a711. Eric Ersson vid Penningberget anh\u00f6ll om n\u00e5got underst\u00f6d f\u00f6r sin of\u00e4rdiga son Anders Reinhold, Vilken enligt intyg av grannarna ej kan v\u00e5rda sig sj\u00e4lv. F\u00f6rsamlingen stannade i det beslut att Eric Ersson f\u00f6r vid blivande fattigv\u00e5rdsreglering n\u00e5sta h\u00f6st, anm\u00e4la sig till underst\u00e5ende av n\u00e5gon hj\u00e4lp f\u00f6r sin olyckliga som,<br>\u00c5t Jan Jansson Sundberg vid Stora Kumlan beviljades, f\u00f6r brunnsdrickning vid Loka 3 Rd Banco till hj\u00e4lp under resan och 2 Rd Banco till lasarettsavgift, vilket allt av fattigkassan skulle utg\u00e5.<br>Likaledes beviljades \u00e5t Jan Janssons hustru vid Tafstorp en tillf\u00e4llig hj\u00e4lp best\u00e5ende av 6 Rd 32 B Banco.<\/em><\/p>\n\n\n\n<p><em>S\u00e5lunda beslutat och \u00f6verenskommet betyga \u00e5 f\u00f6rsamlingens v\u00e4gnar,<br>J.D Westholm Ordf. Pastor<br>A. Magnusson<br>Eric Persson i Viken<br>Anders Andersson vid Enbo<br>Uppl\u00e4st fr\u00e5n Ljusnarsbergs kyrkas predikstol d. 11:e juni 1843 av J.P Strandell. Comminister<\/em><\/p>\n\n\n\n<p><\/p>\n","protected":false},"excerpt":{"rendered":"<p>Ljusnarsbergs d\u00f6dgr\u00e4vare (ringarna) nekar till att gr\u00e4va gravar \u00e5t sj\u00e4lvspillare (sj\u00e4lvmord) och f\u00e5r ultimatum att om de vill beh\u00e5lla jobbet s\u00e5 \u00e4r det bara att gr\u00e4va&#8230; \u00c5r 1843 den 28:e maj h\u00f6lls allm\u00e4n sockenst\u00e4mma med Ljusnarsbergs f\u00f6rsamling, sedan kung\u00f6relse d\u00e4rom fr\u00e5n predikstolen 14 dagar f\u00f6rst blivit uppl\u00e4st med tillk\u00e4nnagivande av \u00e4mnena f\u00f6r \u00f6verl\u00e4ggningen. \u00a71. Uppl\u00e4stes, [&hellip;]<\/p>\n","protected":false},"author":1,"featured_media":801,"comment_status":"closed","ping_status":"closed","sticky":false,"template":"","format":"standard","meta":{"footnotes":""},"categories":[176,30,21],"tags":[195,62,196],"class_list":["post-797","post","type-post","status-publish","format-standard","has-post-thumbnail","hentry","category-176","category-kyrkan","category-sockenstammoprotokoll","tag-dodgravare","tag-kyrkan","tag-sjalvspillan"],"_links":{"self":[{"href":"https:\/\/www.ljusnaren.se\/index.php\/wp-json\/wp\/v2\/posts\/797","targetHints":{"allow":["GET"]}}],"collection":[{"href":"https:\/\/www.ljusnaren.se\/index.php\/wp-json\/wp\/v2\/posts"}],"about":[{"href":"https:\/\/www.ljusnaren.se\/index.php\/wp-json\/wp\/v2\/types\/post"}],"author":[{"embeddable":true,"href":"https:\/\/www.ljusnaren.se\/index.php\/wp-json\/wp\/v2\/users\/1"}],"replies":[{"embeddable":true,"href":"https:\/\/www.ljusnaren.se\/index.php\/wp-json\/wp\/v2\/comments?post=797"}],"version-history":[{"count":5,"href":"https:\/\/www.ljusnaren.se\/index.php\/wp-json\/wp\/v2\/posts\/797\/revisions"}],"predecessor-version":[{"id":805,"href":"https:\/\/www.ljusnaren.se\/index.php\/wp-json\/wp\/v2\/posts\/797\/revisions\/805"}],"wp:featuredmedia":[{"embeddable":true,"href":"https:\/\/www.ljusnaren.se\/index.php\/wp-json\/wp\/v2\/media\/801"}],"wp:attachment":[{"href":"https:\/\/www.ljusnaren.se\/index.php\/wp-json\/wp\/v2\/media?parent=797"}],"wp:term":[{"taxonomy":"category","embeddable":true,"href":"https:\/\/www.ljusnaren.se\/index.php\/wp-json\/wp\/v2\/categories?post=797"},{"taxonomy":"post_tag","embeddable":true,"href":"https:\/\/www.ljusnaren.se\/index.php\/wp-json\/wp\/v2\/tags?post=797"}],"curies":[{"name":"wp","href":"https:\/\/api.w.org\/{rel}","templated":true}]}}