{"id":817,"date":"2025-02-03T18:11:11","date_gmt":"2025-02-03T18:11:11","guid":{"rendered":"https:\/\/www.ljusnaren.se\/?p=817"},"modified":"2025-04-27T18:46:05","modified_gmt":"2025-04-27T18:46:05","slug":"1843-10-08","status":"publish","type":"post","link":"https:\/\/www.ljusnaren.se\/index.php\/2025\/02\/03\/1843-10-08\/","title":{"rendered":"1843-10-08"},"content":{"rendered":"\n<p>Johan Petter Torsten var en kringflackande person med tvivelaktig vandel och st\u00e4mman \u00e4r v\u00e4ldigt tydliga omkring hans f\u00f6rkastliga leverne och hur han inte var v\u00e4lkommen \u00e5ter<\/p>\n\n\n\n<h3 class=\"wp-block-heading\">\u00c5r 1843 den 8:e oktober h\u00f6lls allm\u00e4n sockenst\u00e4mma med Ljusnarsbergs f\u00f6rsamling efter d\u00e4rom, \u00e5tta dagar f\u00f6rut, fr\u00e5n predikstolen skedd p\u00e5lysning &#8211; med tillk\u00e4nnagivande av \u00f6verl\u00e4ggnings\u00e4mnet.<\/h3>\n\n\n\n<p><\/p>\n\n\n\n<p><em>Sockenst\u00e4mman \u00f6ppnades med uppl\u00e4sandet av konungens befallningshavandes \u00f6ver \u00d6rebro l\u00e4n till pastors\u00e4mbetet i Nya Kopparberget av den 26:e sistlidne september avl\u00e5tna skrivelse betr\u00e4ffande dr\u00e4ngen Jan Peter Torsten fr\u00e5n V\u00e4stra Stenharn vilken, efter att hava blivit straffad f\u00f6r andra resan st\u00f6ld, nu saknade laga f\u00f6rsvar och d\u00e4rf\u00f6r blivit h\u00e4ktad och till kronoh\u00e4ktet i \u00d6rebro inf\u00f6rpassad. Till f\u00f6lje av denna konungens befallningshavandes skrivelse hemst\u00e4llde pastor till f\u00f6rsamlingen huruvida tillf\u00e4lle m\u00e5 vara f\u00f6r bem\u00e4rkte Jan Peter Torsten till stadig syssels\u00e4ttning hos p\u00e5litlig husbonde inom f\u00f6rsamlingen. H\u00e4rtill svarades, att d\u00e5, under n\u00e4rvarande f\u00f6r bergshanteringen missgynnsamma konjunkturer, m\u00e5nga \u00e4rliga till arbete hugade och skickliga torde bliva saknad av stadig arbetsf\u00f6rtj\u00e4nst, s\u00e5 mycket mindre n\u00e5gon kunde eller ville i sin tj\u00e4nst anta Jan Peter Torsten, vilken under hela den tid han tillh\u00f6rt denna f\u00f6rsamling, visat sig lika op\u00e5litlig och ostadig i sitt arbete som i sitt uppf\u00f6rande i \u00f6vrigt. S\u00e4llan om ens n\u00e5gonsin har han n\u00e5got helt \u00e5r arbetat hos samma husbonde utan f\u00f6rt ett kringstrykande levnadss\u00e4tt, vistats \u00e4n h\u00e4r \u00e4n d\u00e4r, \u00e4n i denna socken, \u00e4n i Grang\u00e4rde, S\u00e4fsen och andra angr\u00e4nsande socknar. Att han skulle \u00e4ga fallenhet f\u00f6r eller skicklighet uti n\u00e5got hantverk vore icke k\u00e4nt: men till vedhuggning och till de jordbruket tillh\u00f6rande g\u00f6rom\u00e5l ans\u00e5gs han \u00e4ga f\u00f6rm\u00e5ga. Med avseende p\u00e5 Torstens frejd och levnadsf\u00f6rh\u00e5llanden yttrades, att, utom de tv\u00e4nne resor han blivit lagligen d\u00f6md och straffad f\u00f6r st\u00f6ld, har han ofta beg\u00e5tt snatterier, den m\u00e5ls\u00e4gande ej beivrat eller \u00e5talat samt att han vore begiven p\u00e5 starka drycker. Alla ans\u00e5g honom vara hemfallen till korrektionsinr\u00e4ttningen. F\u00f6r \u00f6vrigt anm\u00e4ldes att han allt fr\u00e5n ungdomen varit och \u00e4r \u00e4nnu beh\u00e4ftad med (\u2026) i huvudet.<\/em><\/p>\n\n\n\n<p><em>Uppl\u00e4st, justerat och erk\u00e4nt betyga \u00e5 f\u00f6rsamlingens v\u00e4gnar,<br>J.D Westholm Ordf\u00f6rande<br>Eric Persson i Viken<br>(\u2026\u2026.)<\/em><\/p>\n\n\n\n<p><\/p>\n\n\n\n<h4 class=\"wp-block-heading\">Kommentar om Jan Petter Persson Torsten<\/h4>\n\n\n\n<p>Jan Petter Persson Torsten var f\u00f6dd 1796-04-22 i Arboga med flyttade med sina f\u00f6r\u00e4ldrar Petter Torstenson och Stina Jansdotter till H\u00f6rksn\u00e4s, Ljusnarsberg 1807. Var han tar v\u00e4gen fr\u00e5n H\u00f6rksn\u00e4s och h\u00f6ljt i dunkel, liksom var hans liv tar slut. Men sp\u00e5ren finns i mitten av hans liv. Mest fr\u00e5n Nora Kronoh\u00e4kte samt \u00d6rebro Slottsh\u00e4kte&#8230;..<\/p>\n\n\n\n<h4 class=\"wp-block-heading\">September 1834 vid Nora Kronoh\u00e4kte<\/h4>\n\n\n\n<p><em>&#8221;Medelm\u00e5ttig w\u00e4xt trindlagt ansigte med ljusa h\u00e5r och \u00f6gonbryn&#8221;<\/em><\/p>\n\n\n\n<p>H\u00e4ktad f\u00f6r &#8221;hemg\u00e5ng och tjuvnad&#8221; &#8221;samt st\u00f6ld och slagsm\u00e5l&#8221; i Nora kronoh\u00e4kte och f\u00f6rdes till Nya Kopparberget f\u00f6r rannsakning samma m\u00e5nad den 23:e. Dom:  14 par sp\u00f6 och f\u00e4stningsarbete m.m men \u00e4r underst\u00e4lld Kungliga hovr\u00e4tttens pr\u00f6vning. Saken blev tills vidare uppskjuten. Dom efter hovr\u00e4ttens pr\u00f6vning: 14 par sp\u00f6 och 3 dagars f\u00e4ngelse j\u00e4mte underg\u00e5 hemlig skrift i Nya Kopparbergs kyrka.<\/p>\n\n\n\n<h4 class=\"wp-block-heading\">Februari 1842 vid Nora Kronoh\u00e4kte<\/h4>\n\n\n\n<p><em>&#8221;Liten v\u00e4xt, rundt ansigte, brunt h\u00e5r, bl\u00e5 \u00f6gon&#8221;<\/em><\/p>\n\n\n\n<p>Dom: &#8221;<em>Rannsakning vid Nya Kopparbergs H\u00e4rad den 1:a d\u00e4rmed \u00e5ters\u00e4nd till ytterligare rannsakning den 14:e dito och \u00e5ters\u00e4ndes den 15:e vid n\u00e4mnd r\u00e4tt till 10 dagars f\u00e4ngelse vid vatten och br\u00f6d samt uppenbar kyrkoplikt i Nya Kopparbergs kyrka. \u00c5terkom den 16:e dito och b\u00f6rjade straffets underg\u00e5ende den 17:e dito&#8221;<\/em><\/p>\n\n\n\n<h4 class=\"wp-block-heading\">Mars 1842 vid Nora Kronoh\u00e4kte<\/h4>\n\n\n\n<p><em>&#8221;Ljust h\u00e5r, bl\u00e5 \u00f6gon, liten n\u00e4sa, ordin\u00e4r till v\u00e4xten&#8221;<\/em><\/p>\n\n\n\n<p>Intagen f\u00f6r l\u00f6sdriveri den 8:e mars. Erh\u00e5llit ett pass p\u00e5 en m\u00e5nad f\u00f6r att kunna ta sig tillbaka till Ljusnarsberg.<\/p>\n\n\n\n<h4 class=\"wp-block-heading\">September 1843 vid \u00d6rebro slottsh\u00e4kte<\/h4>\n\n\n\n<ol class=\"wp-block-list\">\n<li><em>Dr\u00e4ng Jan Petter Torsten fr\u00e5n Nya Kopparberget f\u00f6dd 1796 i Arboga. Ljust h\u00e5r, bl\u00e5 \u00f6gon, liten n\u00e4sa, ordin\u00e4r till v\u00e4xten.<\/em><\/li>\n\n\n\n<li><em>F\u00f6rsvarsl\u00f6s ins\u00e4nd av l\u00e4nsman Floding<\/em><\/li>\n\n\n\n<li><em>1843 den 23:e september p\u00e5 (&#8230;) f\u00f6rh\u00f6r. Den 15 nov: D\u00f6mdes han till korrektionsinr\u00e4ttningen p\u00e5 obest\u00e4md tid uti vilket beslut han f\u00f6rklarade sig vidg\u00e5 i underd\u00e5nighet s\u00f6ka \u00e4ndring f\u00f6r p\u00e5 fri fot komma <\/em><\/li>\n<\/ol>\n\n\n\n<p><\/p>\n\n\n\n<h4 class=\"wp-block-heading\">K\u00e4llor:<\/h4>\n\n\n\n<p>Justitiekanslern -1974, Huvudarkivet EIIIcc:747 (1834) Bild 5050<br>Justitiekanslern -1974, Huvudarkivet EIIIcc:760 (1835) Bild 3730<br>Justitiekanslern -1974, Huvudarkivet EIIIcc:760 (1835) Bild 3760<br>Justitiekanslern -1974, Huvudarkivet EIIIcc:760 (1835) Bild 3780<br>Justitiekanslern -1974, Huvudarkivet EIIIcc:760 (1835) Bild 3810<br>Justitiekanslern -1974, Huvudarkivet EIIIcc:760 (1835) Bild 3830<br>Justitiekanslern -1974, Huvudarkivet EIIIcc:922 (1842) Bild 5200<br>Justitiekanslern -1974, Huvudarkivet EIIIcc:921 (1842) Bild 1690<br>Justitiekanslern -1974, Huvudarkivet EIIIcc:922 (1842) Bild 5210<br>Justitiekanslern -1974, Huvudarkivet EIIIcc:921 (1842) Bild 1730<br>Justitiekanslern -1974, Huvudarkivet EIIIcc:921 (1842) Bild 220<br>Justitiekanslern -1974, Huvudarkivet EIIIcc:988 (1844) Bild 2460<br>Justitiekanslern -1974, Huvudarkivet EIIIcc:988 (1844) Bild 2610<br>Justitiekanslern -1974, Huvudarkivet EIIIcc:988 (1844) Bild 2740<br>Justitiekanslern -1974, Huvudarkivet EIIIcc:988 (1844) Bild 2880<\/p>\n","protected":false},"excerpt":{"rendered":"<p>Johan Petter Torsten var en kringflackande person med tvivelaktig vandel och st\u00e4mman \u00e4r v\u00e4ldigt tydliga omkring hans f\u00f6rkastliga leverne och hur han inte var v\u00e4lkommen \u00e5ter \u00c5r 1843 den 8:e oktober h\u00f6lls allm\u00e4n sockenst\u00e4mma med Ljusnarsbergs f\u00f6rsamling efter d\u00e4rom, \u00e5tta dagar f\u00f6rut, fr\u00e5n predikstolen skedd p\u00e5lysning &#8211; med tillk\u00e4nnagivande av \u00f6verl\u00e4ggnings\u00e4mnet. Sockenst\u00e4mman \u00f6ppnades med uppl\u00e4sandet [&hellip;]<\/p>\n","protected":false},"author":1,"featured_media":759,"comment_status":"closed","ping_status":"closed","sticky":false,"template":"","format":"standard","meta":{"footnotes":""},"categories":[176,25,21],"tags":[198,199,151,200],"class_list":["post-817","post","type-post","status-publish","format-standard","has-post-thumbnail","hentry","category-176","category-brott","category-sockenstammoprotokoll","tag-jan-petter-torsten","tag-kronohakte","tag-nora","tag-orebro"],"_links":{"self":[{"href":"https:\/\/www.ljusnaren.se\/index.php\/wp-json\/wp\/v2\/posts\/817","targetHints":{"allow":["GET"]}}],"collection":[{"href":"https:\/\/www.ljusnaren.se\/index.php\/wp-json\/wp\/v2\/posts"}],"about":[{"href":"https:\/\/www.ljusnaren.se\/index.php\/wp-json\/wp\/v2\/types\/post"}],"author":[{"embeddable":true,"href":"https:\/\/www.ljusnaren.se\/index.php\/wp-json\/wp\/v2\/users\/1"}],"replies":[{"embeddable":true,"href":"https:\/\/www.ljusnaren.se\/index.php\/wp-json\/wp\/v2\/comments?post=817"}],"version-history":[{"count":4,"href":"https:\/\/www.ljusnaren.se\/index.php\/wp-json\/wp\/v2\/posts\/817\/revisions"}],"predecessor-version":[{"id":821,"href":"https:\/\/www.ljusnaren.se\/index.php\/wp-json\/wp\/v2\/posts\/817\/revisions\/821"}],"wp:featuredmedia":[{"embeddable":true,"href":"https:\/\/www.ljusnaren.se\/index.php\/wp-json\/wp\/v2\/media\/759"}],"wp:attachment":[{"href":"https:\/\/www.ljusnaren.se\/index.php\/wp-json\/wp\/v2\/media?parent=817"}],"wp:term":[{"taxonomy":"category","embeddable":true,"href":"https:\/\/www.ljusnaren.se\/index.php\/wp-json\/wp\/v2\/categories?post=817"},{"taxonomy":"post_tag","embeddable":true,"href":"https:\/\/www.ljusnaren.se\/index.php\/wp-json\/wp\/v2\/tags?post=817"}],"curies":[{"name":"wp","href":"https:\/\/api.w.org\/{rel}","templated":true}]}}