{"id":822,"date":"2025-02-03T18:21:28","date_gmt":"2025-02-03T18:21:28","guid":{"rendered":"https:\/\/www.ljusnaren.se\/?p=822"},"modified":"2025-04-27T18:46:05","modified_gmt":"2025-04-27T18:46:05","slug":"1843-09-17","status":"publish","type":"post","link":"https:\/\/www.ljusnaren.se\/index.php\/2025\/02\/03\/1843-09-17\/","title":{"rendered":"1843-09-17"},"content":{"rendered":"\n<p>Inhyses Jan Jansson i Skomakarbo har lidit av en brand, vilken han f\u00e5r en liten ers\u00e4ttning f\u00f6r, av f\u00f6rsamlingens byggnadskassa&#8230;<\/p>\n\n\n\n<h3 class=\"wp-block-heading\">Protocoll h\u00e5llet i allm\u00e4n sockenst\u00e4mma med Ljusnarsbergs f\u00f6rsamling den 17:e september 1843.<\/h3>\n\n\n\n<p><em>\u00a71. Till deputerade vilka tillika med ortens krofogde, skola stadga det pris som f\u00f6r h\u00e4radet i priskuranten till markeg\u00e5ngss\u00e4ttningen skall intygas, vadles herr postm\u00e4staren C. Carlberg p\u00e5 Konstdammen och herr bergskass\u00f6ren J. Adler p\u00e5 Kyrkbacken.<\/em><\/p>\n\n\n\n<p><em>\u00a72. I anseende till den brandskada som inhyses Jan Jansson p\u00e5 Skomakarbo \u00e4gor lidit den 15:e sistl. augusti; beviljades honom 20 Rd Rgs, vilka av byggnadskassan utg\u00e5 och uppdrogs \u00e5t bergsman Hendric Jansson i Skomakarbo att dessa medel utta och avl\u00e4mna till ovann\u00e4mnda Jan Janssons hustru.<\/em><\/p>\n\n\n\n<p><em>S\u00e5lunda valt, och beslutat uppl\u00e4st, justerat och erk\u00e4nt betyga \u00e5 f\u00f6rsamlingens v\u00e4gnar,<br>J.D Westholm Ordf\u00f6rande<\/em><\/p>\n\n\n\n<p><\/p>\n","protected":false},"excerpt":{"rendered":"<p>Inhyses Jan Jansson i Skomakarbo har lidit av en brand, vilken han f\u00e5r en liten ers\u00e4ttning f\u00f6r, av f\u00f6rsamlingens byggnadskassa&#8230; Protocoll h\u00e5llet i allm\u00e4n sockenst\u00e4mma med Ljusnarsbergs f\u00f6rsamling den 17:e september 1843. \u00a71. Till deputerade vilka tillika med ortens krofogde, skola stadga det pris som f\u00f6r h\u00e4radet i priskuranten till markeg\u00e5ngss\u00e4ttningen skall intygas, vadles herr [&hellip;]<\/p>\n","protected":false},"author":1,"featured_media":427,"comment_status":"closed","ping_status":"closed","sticky":false,"template":"","format":"standard","meta":{"footnotes":""},"categories":[176,26,21],"tags":[105,205,52,201],"class_list":["post-822","post","type-post","status-publish","format-standard","has-post-thumbnail","hentry","category-176","category-brand","category-sockenstammoprotokoll","tag-brandskada","tag-jan-jansson","tag-markegang","tag-skomakarbo"],"_links":{"self":[{"href":"https:\/\/www.ljusnaren.se\/index.php\/wp-json\/wp\/v2\/posts\/822","targetHints":{"allow":["GET"]}}],"collection":[{"href":"https:\/\/www.ljusnaren.se\/index.php\/wp-json\/wp\/v2\/posts"}],"about":[{"href":"https:\/\/www.ljusnaren.se\/index.php\/wp-json\/wp\/v2\/types\/post"}],"author":[{"embeddable":true,"href":"https:\/\/www.ljusnaren.se\/index.php\/wp-json\/wp\/v2\/users\/1"}],"replies":[{"embeddable":true,"href":"https:\/\/www.ljusnaren.se\/index.php\/wp-json\/wp\/v2\/comments?post=822"}],"version-history":[{"count":3,"href":"https:\/\/www.ljusnaren.se\/index.php\/wp-json\/wp\/v2\/posts\/822\/revisions"}],"predecessor-version":[{"id":830,"href":"https:\/\/www.ljusnaren.se\/index.php\/wp-json\/wp\/v2\/posts\/822\/revisions\/830"}],"wp:featuredmedia":[{"embeddable":true,"href":"https:\/\/www.ljusnaren.se\/index.php\/wp-json\/wp\/v2\/media\/427"}],"wp:attachment":[{"href":"https:\/\/www.ljusnaren.se\/index.php\/wp-json\/wp\/v2\/media?parent=822"}],"wp:term":[{"taxonomy":"category","embeddable":true,"href":"https:\/\/www.ljusnaren.se\/index.php\/wp-json\/wp\/v2\/categories?post=822"},{"taxonomy":"post_tag","embeddable":true,"href":"https:\/\/www.ljusnaren.se\/index.php\/wp-json\/wp\/v2\/tags?post=822"}],"curies":[{"name":"wp","href":"https:\/\/api.w.org\/{rel}","templated":true}]}}