{"id":824,"date":"2025-02-03T19:13:32","date_gmt":"2025-02-03T19:13:32","guid":{"rendered":"https:\/\/www.ljusnaren.se\/?p=824"},"modified":"2025-04-27T18:46:05","modified_gmt":"2025-04-27T18:46:05","slug":"1843-10-29","status":"publish","type":"post","link":"https:\/\/www.ljusnaren.se\/index.php\/2025\/02\/03\/1843-10-29\/","title":{"rendered":"1843-10-29"},"content":{"rendered":"\n<p>Pastorn redovisar en f\u00f6reslagen gudstj\u00e4nstordning med f\u00f6reg\u00e5ende ottens\u00e5ng, vilket f\u00f6rsamlingen godk\u00e4nner och Hindric som strykt kyrkans tak med tj\u00e4ra vill g\u00e4rna f\u00e5 ett risktill\u00e4gg&#8230;.<\/p>\n\n\n\n<h3 class=\"wp-block-heading\">\u00c5r 1843 den 29:e oktober h\u00f6llse efter f\u00f6rut skedd laglig p\u00e5lysning, sockenst\u00e4mma med Ljusnarsbergs f\u00f6rsamling.<\/h3>\n\n\n\n<p><em>\u00a71. Det vid fattigv\u00e5rdens senaste sammantr\u00e4de f\u00f6r de protokoll, inneh\u00e5llande f\u00f6rslsag till de fattigas f\u00f6rs\u00f6rjning under n\u00e4stkommande \u00e5r uppl\u00e4stes och godk\u00e4ndes, varefter protokollet underskrevs. H\u00e4rp\u00e5 f\u00f6redrogs f\u00f6ljande \u00e4mnen, som r\u00f6ra fattigv\u00e5rden, till ompr\u00f6vning<\/em>:<\/p>\n\n\n\n<ol class=\"wp-block-list\">\n<li><em>Bergsman Gerzelius vid Sundet hade till Landback Pot Perssons som Frans l\u00e4mnat n\u00e5gra kl\u00e4despersedlar, f\u00f6r vilka beg\u00e4rdes 2 Rd 24 B Rgs. Denna beg\u00e4ran blev av f\u00f6rsamlingen bifallen.<\/em><\/li>\n\n\n\n<li><em>Avs. Anders Ersson Eks son Gustaf hade l\u00e5tit hos f\u00f6rsamlingen anh\u00e5lla om 15 Rd Rgs f\u00f6r att d\u00e4rmed f\u00f6rskaffa beh\u00f6vliga kl\u00e4der. F\u00f6rsamlingens ledam\u00f6ter, vilja hade sig bekant att denna gosse hade hos snickaren Jan Andersson i Lilla Smedberg innest\u00e5ende arvsmedel ehuru de f\u00f6rmodades utg\u00f6ra ett ringa belopp, ans\u00e5gs att dessa medel f\u00f6rst borde till gossens bekl\u00e4dande anv\u00e4ndas, varefter om n\u00e5got d\u00e4r i brista, detsamma skulle av fattigv\u00e5rdsmedlen erl\u00e4ggas.<\/em><\/li>\n\n\n\n<li><em>Ephraim Klotberg vid Tappen vilken anm\u00e4ldes befinna sig uti ett h\u00f6gst utblottat tillst\u00e5nd, erh\u00e5ller till jul 1\/8 tunna r\u00e5g<\/em>.<\/li>\n\n\n\n<li><em>Jan Janssons \u00e4nka vid Storh\u00f6jden beviljades i likhet med f\u00f6rlidet \u00e5r, 3\/4 tunna r\u00e5g och 3\/4 tunna havre.<\/em><\/li>\n\n\n\n<li><em>D\u00e5 f\u00f6rsamlingens pastor nu erinrade att den fattigavgift som ortens kronofogde av nybyggare, gruvdr\u00e4ngar m.fl inom denna socken uppburit i m\u00e5nga \u00e5r utg\u00e5tt, besl\u00f6ts nu enh\u00e4lligt att det f\u00f6rslag som av valdes fullm\u00e4ktige uppgjordes av d. 6. november 1825 och p\u00e5 sockenst\u00e4mma den 20:e samma m\u00e5nad och \u00e5r av f\u00f6rsamlingen godk\u00e4ndes, skulle till sin fulla kraft och verkan f\u00f6rnyas i vad det r\u00f6r ovann\u00e4mnda personers skyldighet att i de fattigas f\u00f6rs\u00f6rjande delta. Detta; av f\u00f6rsamlingen godk\u00e4nda f\u00f6rslag var av f\u00f6ljande lydelse:<\/em><br><em>&#8221;Fullm\u00e4ktige ans\u00e5go det vara sk\u00e4ligt att nybyggare, arbetskarlar och gruvdr\u00e4ngar, samt g\u00e4rningsm\u00e4n n\u00e5got bidra till de fattigas f\u00f6rs\u00f6rjande, s\u00e5 snart de \u00e4r arbetsf\u00f6ra och icke ha flera \u00e4n tv\u00e5 barn. Den av dem, den som blott har tvenne barn, 8 B Banco; varemot den som har flera barn, fr\u00e5n att s\u00e5dan avgift befrias&#8221;.<br>I avseende p\u00e5 uppb\u00f6rden av dessa medel besl\u00f6ts nu att den skulle h\u00e5llas vid de \u00e5rliga husf\u00f6rh\u00f6ren av uppsyningsm\u00e4nnen inom varje skriftlag och medlen of\u00f6rdr\u00f6jligen till fattigf\u00f6rest\u00e5ndaren avl\u00e4mnas.<\/em><\/li>\n<\/ol>\n\n\n\n<ol start=\"6\" class=\"wp-block-list\">\n<li><em>Till bestridande av fattigv\u00e5rdskassans utgifter f\u00f6r n\u00e4stkommande \u00e5r beviljades en taxering av 60 organistl\u00f6ner, och skulle i likhet med f\u00f6reg\u00e5ende \u00e5r, f\u00f6r samma \u00e4ndam\u00e5l utav fattigkassan en summa av 250 Rd Rgs utg\u00e5.<\/em><\/li>\n<\/ol>\n\n\n\n<p><\/p>\n\n\n\n<p><em>\u00a72. Pastor \u00f6verl\u00e4mnade nu till f\u00f6rsamlingens ombepr\u00f6vande det f\u00f6rslag, som han p\u00e5 dess beg\u00e4ran, uppr\u00e4ttat \u00f6ver l\u00e4mpligaste tiden f\u00f6r Catechismi ottess\u00e5nger och bibelf\u00f6rklaringar h\u00e5llande uti denna f\u00f6rsamling: vilket f\u00f6rslag nu uppl\u00e4stes och lydde som f\u00f6ljer:<\/em><\/p>\n\n\n\n<p><em>&#8221;F\u00f6rslag till Catechismi Ottes\u00e5ngers h\u00e5llande i Ljusnarsberg.<br>Dessa otters\u00e5nger som tillf\u00f6rene h\u00e5llits efter pingst men varit lite bes\u00f6kt b\u00f6r h\u00e4danefter h\u00e5llas den 1) annandag p\u00e5sk med bruksroten, 2) F\u00f6rsta s\u00f6ndagen efter p\u00e5sk med Hed roten, den 3),andra s\u00f6ndagen efter p\u00e5sk med Norrsj\u00f6 roten, den 4): tredje s\u00f6ndagen efter p\u00e5sk med Stj\u00e4rnfors roten, den 5), b\u00f6ns\u00f6ndagen med Ljusnars roten, den 6) Kristi himmelsf\u00e4rdsdagen med H\u00f6rks roten, och den 8) annandag pingst med St\u00e4llbergs roten.&#8221;<\/em><\/p>\n\n\n\n<p><em>Under sommarm\u00e5naderna eller ifr\u00e5n trefaldighetss\u00f6ndagen till och med helgsm\u00e4ssoaftonen h\u00e5lla bibelf\u00f6rklaringar p\u00e5 alla de s\u00f6ndagar d\u00e5 icke nattvardsg\u00e5ng intr\u00e4ffar. Det vill s\u00e4ga efter den nu vanliga ordningen med kommunionen skulle bibelf\u00f6rklaringar tvenne s\u00f6ndagar i rad och kommunion tvenne s\u00f6ndagar i rad komma att h\u00e5llas. Den \u00f6vriga och m\u00f6rka \u00e5rstiden skulle dessa bibelf\u00f6rklaringar icke kunna bevistas av andra \u00e4n till kyrkan n\u00e4rboende, vilka i j\u00e4mf\u00f6relse med de avl\u00e4gset boende, utg\u00f6ra en h\u00f6gst obetydlig del av f\u00f6rsamlingen. L\u00e4mpligaste tiden p\u00e5 dagen till dessa bibelf\u00f6rklaringars h\u00e5llande torde vara den samma som f\u00f6r Cathechismi Ottes\u00e5nger, vilka begynna omedelbart efter 2:a g\u00e5ngsringningen eller klockan 0 p\u00e5 morgoen och sluta n\u00e5gra minuter f\u00f6r sammanringningen eller n\u00e4st f\u00f6re kl. 10. S\u00e5 v\u00e4l vid bibelf\u00f6rklaringarna som vid Catechismi Ottes\u00e5nger , sjunges, f\u00f6rst en kort morgonpsalm eller 1 a 2 verser d\u00e4rav, sedan s\u00e5gen \u00e4r slutad, h\u00e5lles fr\u00e5n predikstolen den vanliga morgonb\u00f6nenav den f\u00f6rklarande eller f\u00f6rh\u00f6rande prosten. Omedelbart efter b\u00f6nen uppl\u00f6ses ett helt kapitel ut ur bibeln, de m\u00f6rkare st\u00e4llen som d\u00e4r uti kunna f\u00f6rekomma, f\u00f6rklaras och av sammanhanget g\u00f6res en kort och enfaldig till\u00e4mpning p\u00e5 m\u00e4nniskornas levnad och f\u00f6rh\u00e5llanden. Pastor och komminister tura h\u00e4rvid med varandra.<br>Detta f\u00f6rslag ble nu av f\u00f6rsamlingen godk\u00e4nt och besl\u00f6ts att det samma skulle tj\u00e4na till framtida efterr\u00e4ttelse: likv\u00e4l ans\u00e5g de flesta av f\u00f6rsamlingens ledam\u00f6ter,, att i avseende till den tr\u00e4gna tj\u00e4nstg\u00f6ring, pr\u00e4sterskapet uti denna vidstr\u00e4ckta och folkrika f\u00f6rsamling (\u2026), bibelf\u00f6rklaringarnas h\u00e5llande borde inskr\u00e4nkas till en g\u00e5ng i m\u00e5naden under den f\u00f6reslagna tiden.<\/em><\/p>\n\n\n\n<p><em>\u00a73. Hindric Hindricsson vid Rellself vilken denna som mar haft det \u00e4ventyrliga arbetet att tj\u00e4rstryka kyrkans torn och tak samt klockstapeln, f\u00f6retr\u00e4dde och anh\u00f6ll hos f\u00f6rsamlingen om n\u00e5gon f\u00f6rh\u00f6jning p den betingade arbetsl\u00f6nen. F\u00f6rsamlingen finnande billigheten d\u00e4r av anslog \u00e5t honom ytterligare 30 Rd Rgs, vilka av kyrkokassan skulle utg\u00e5.<br>\u00a74. Sedan landbonden Anders Janssons vid Gustafsdahl dotter Maja Cajsa \u00e5ter blivit vansinnig, fr\u00e5gade ordf\u00f6randen vilken utv\u00e4g borde med henne vidtas. F\u00f6rsamlingens ledam\u00f6ter, som k\u00e4nde hennes sjukdomstillst\u00e5nd, att det n\u00e4mligen efter n\u00e5gon tids f\u00f6rlopp ofta pl\u00e5gor av sig sj\u00e4lv upph\u00f6ra, besl\u00f6ts att hon nu till en b\u00f6rjan skulle hemma bevakas och anslog f\u00f6r detta \u00e4ndam\u00e5l 24 B Rgs f\u00f6r varje dygn.<\/em><\/p>\n\n\n\n<p><em>S\u00e5lunda beslutat, uppl\u00e4st och erk\u00e4nt betyga \u00e5 f\u00f6rsamlingens v\u00e4gnar,<br>J.D Westholm Ordf\u00f6rande<br>A Magnusson<br>E Hindricsson<br>Eric Ersson<br>Ovanst\u00e5ende protocoll \u00e4r fr\u00e5n Ljusnarsbergs kyrkas predikstol uppl\u00e4st den 19:e november 1843 av J.P Strandell.<\/em><\/p>\n","protected":false},"excerpt":{"rendered":"<p>Pastorn redovisar en f\u00f6reslagen gudstj\u00e4nstordning med f\u00f6reg\u00e5ende ottens\u00e5ng, vilket f\u00f6rsamlingen godk\u00e4nner och Hindric som strykt kyrkans tak med tj\u00e4ra vill g\u00e4rna f\u00e5 ett risktill\u00e4gg&#8230;. \u00c5r 1843 den 29:e oktober h\u00f6llse efter f\u00f6rut skedd laglig p\u00e5lysning, sockenst\u00e4mma med Ljusnarsbergs f\u00f6rsamling. \u00a71. Det vid fattigv\u00e5rdens senaste sammantr\u00e4de f\u00f6r de protokoll, inneh\u00e5llande f\u00f6rslsag till de fattigas f\u00f6rs\u00f6rjning under [&hellip;]<\/p>\n","protected":false},"author":1,"featured_media":725,"comment_status":"closed","ping_status":"closed","sticky":false,"template":"","format":"standard","meta":{"footnotes":""},"categories":[176,30,29,21],"tags":[203,204,202],"class_list":["post-824","post","type-post","status-publish","format-standard","has-post-thumbnail","hentry","category-176","category-kyrkan","category-renovering","category-sockenstammoprotokoll","tag-gudstjanst","tag-ottesanger","tag-tjarstrykning"],"_links":{"self":[{"href":"https:\/\/www.ljusnaren.se\/index.php\/wp-json\/wp\/v2\/posts\/824","targetHints":{"allow":["GET"]}}],"collection":[{"href":"https:\/\/www.ljusnaren.se\/index.php\/wp-json\/wp\/v2\/posts"}],"about":[{"href":"https:\/\/www.ljusnaren.se\/index.php\/wp-json\/wp\/v2\/types\/post"}],"author":[{"embeddable":true,"href":"https:\/\/www.ljusnaren.se\/index.php\/wp-json\/wp\/v2\/users\/1"}],"replies":[{"embeddable":true,"href":"https:\/\/www.ljusnaren.se\/index.php\/wp-json\/wp\/v2\/comments?post=824"}],"version-history":[{"count":4,"href":"https:\/\/www.ljusnaren.se\/index.php\/wp-json\/wp\/v2\/posts\/824\/revisions"}],"predecessor-version":[{"id":828,"href":"https:\/\/www.ljusnaren.se\/index.php\/wp-json\/wp\/v2\/posts\/824\/revisions\/828"}],"wp:featuredmedia":[{"embeddable":true,"href":"https:\/\/www.ljusnaren.se\/index.php\/wp-json\/wp\/v2\/media\/725"}],"wp:attachment":[{"href":"https:\/\/www.ljusnaren.se\/index.php\/wp-json\/wp\/v2\/media?parent=824"}],"wp:term":[{"taxonomy":"category","embeddable":true,"href":"https:\/\/www.ljusnaren.se\/index.php\/wp-json\/wp\/v2\/categories?post=824"},{"taxonomy":"post_tag","embeddable":true,"href":"https:\/\/www.ljusnaren.se\/index.php\/wp-json\/wp\/v2\/tags?post=824"}],"curies":[{"name":"wp","href":"https:\/\/api.w.org\/{rel}","templated":true}]}}