{"id":832,"date":"2025-02-04T13:44:44","date_gmt":"2025-02-04T13:44:44","guid":{"rendered":"https:\/\/www.ljusnaren.se\/?p=832"},"modified":"2025-04-27T18:46:05","modified_gmt":"2025-04-27T18:46:05","slug":"1843-11-19","status":"publish","type":"post","link":"https:\/\/www.ljusnaren.se\/index.php\/2025\/02\/04\/1843-11-19\/","title":{"rendered":"1843-11-19"},"content":{"rendered":"\n<p>Staten har \u00e5lagt socknar till en omorganisation till uppr\u00e4ttande av sockenn\u00e4mnd &#8211; en f\u00f6reg\u00e5ngare till kommun.<\/p>\n\n\n\n<h3 class=\"wp-block-heading\">\u00c5r 1843 den 19:e november h\u00f6lls, efter 14 dagar f\u00f6rut skedd kung\u00f6relse fr\u00e5n predikstolen och tillk\u00e4nnagivande av \u00e4mnet f\u00f6r \u00f6verl\u00e4ggningen, sockenst\u00e4mma med Ljusnarsbergs f\u00f6rsamling.<\/h3>\n\n\n\n<p><em>\u00a71. Till f\u00f6lje av konungens befallningshavandes kung\u00f6relse av den 29:e sistlidne oktober voro f\u00f6rsamlingens ledam\u00f6ter i dag kallade till allm\u00e4n sockenst\u00e4mma f\u00f6r att v\u00e4lja ordf\u00f6rande och ledam\u00f6ter i den n\u00e4mnd som enligt Kongl. Majts n\u00e5diga f\u00f6rordning av den 29:e augusti dettta \u00e5r, inom varje pastorat \u00e5 landet b\u00f6r utlysa. Emedan denna socken utg\u00f6r ett h\u00e4rad besl\u00f6ts upp\u00e5 ordf\u00f6randens hemst\u00e4llan, att en ledamot uti sockenn\u00e4mnden skulle fr\u00e5n varje n\u00e4mndemansdistrikt utses. H\u00e4rp\u00e5 f\u00f6retogs sj\u00e4lva valet, vilket avl\u00f6pte som f\u00f6ljer:<br>Till ordf\u00f6rande uti sockenn\u00e4mnden valdes f\u00f6rsamlingens komminister, sedan kyrkoherden i st\u00f6d av 4\u00a7 4:e mom av ovann\u00e4mnda kungliga f\u00f6rordning denna befattning sig avsagt.<br>Uti (respektive) distrikt:<\/em><\/p>\n\n\n\n<ol class=\"wp-block-list\">\n<li><em>Inspekt\u00f6r Magnusson p\u00e5 Stj\u00e4rnfors<\/em><\/li>\n\n\n\n<li><em>Inspekt\u00f6r Bergman p\u00e5 Stj\u00e4rnfors<\/em><\/li>\n\n\n\n<li><em>Herr J F Behrling vid Sundet<\/em><\/li>\n\n\n\n<li><em>Per Eric Persson vid St\u00e4llberg<\/em><\/li>\n\n\n\n<li><em>Erik Andersson vid Yxsj\u00f6 gruva<\/em><\/li>\n\n\n\n<li><em>N\u00e4mndeman Peter Persson vid Br\u00e4nnbyn<\/em><\/li>\n\n\n\n<li><em>Jan Jansson i Viktorp<\/em><\/li>\n\n\n\n<li><em>Postm\u00e4staren Claes Carlberg p\u00e5 Konstdammen<\/em><\/li>\n\n\n\n<li><em>Anders Andersson i Bj\u00f6rk\u00e4ng<\/em><\/li>\n\n\n\n<li><em>N\u00e4mndeman Per Ersson i Dahltorp<\/em><\/li>\n\n\n\n<li><em>L\u00e4nsmannen P. Fr. Floding, samt:<\/em><\/li>\n\n\n\n<li><em>N\u00e4mndeman Anders Andersson i Gr\u00f6nhult<\/em><\/li>\n<\/ol>\n\n\n\n<p><em>S\u00e5lunda valt och \u00f6verenskommet betyga \u00e5 f\u00f6rsamlingens v\u00e4gnar,<br>J.D Westholm Ordf\u00f6rande<\/em><\/p>\n\n\n\n<p><em>Uppl\u00e4st fr\u00e5n Ljusnarsbergs kyrkas predikstol den 26 november 1843 av J.D Westholm<\/em><\/p>\n\n\n\n<p><\/p>\n\n\n\n<h4 class=\"wp-block-heading\">Kommentar<\/h4>\n\n\n\n<p><strong>Sockenn\u00e4mnd<\/strong> inr\u00e4ttades i socknarna genom 1843 \u00e5rs sockenst\u00e4mmof\u00f6rordning. N\u00e4mnden blev socknens verkst\u00e4llande organet, under sockenst\u00e4mman f\u00f6r fattigv\u00e5rd och h\u00e4lsov\u00e5rd. Inr\u00e4ttandet av sockenn\u00e4mnden kan ses som ett f\u00f6rstadium till inf\u00f6randet av kommuner 1863. Genom 1862 \u00e5rs kommunalf\u00f6rordningar blev sockenn\u00e4mnderna kommunaln\u00e4mnder i de nya borgerliga kommunerna.<\/p>\n\n\n\n<h4 class=\"wp-block-heading\">K\u00e4lla (wikipedia)<\/h4>\n\n\n\n<p><a href=\"https:\/\/sv.wikipedia.org\/wiki\/Sockenn%C3%A4mnd\">https:\/\/sv.wikipedia.org\/wiki\/Sockenn%C3%A4mnd<\/a><\/p>\n\n\n\n<p><\/p>\n","protected":false},"excerpt":{"rendered":"<p>Staten har \u00e5lagt socknar till en omorganisation till uppr\u00e4ttande av sockenn\u00e4mnd &#8211; en f\u00f6reg\u00e5ngare till kommun. \u00c5r 1843 den 19:e november h\u00f6lls, efter 14 dagar f\u00f6rut skedd kung\u00f6relse fr\u00e5n predikstolen och tillk\u00e4nnagivande av \u00e4mnet f\u00f6r \u00f6verl\u00e4ggningen, sockenst\u00e4mma med Ljusnarsbergs f\u00f6rsamling. \u00a71. Till f\u00f6lje av konungens befallningshavandes kung\u00f6relse av den 29:e sistlidne oktober voro f\u00f6rsamlingens ledam\u00f6ter [&hellip;]<\/p>\n","protected":false},"author":1,"featured_media":834,"comment_status":"closed","ping_status":"closed","sticky":false,"template":"","format":"standard","meta":{"footnotes":""},"categories":[176,21],"tags":[206,207],"class_list":["post-832","post","type-post","status-publish","format-standard","has-post-thumbnail","hentry","category-176","category-sockenstammoprotokoll","tag-sockennamnd","tag-val"],"_links":{"self":[{"href":"https:\/\/www.ljusnaren.se\/index.php\/wp-json\/wp\/v2\/posts\/832","targetHints":{"allow":["GET"]}}],"collection":[{"href":"https:\/\/www.ljusnaren.se\/index.php\/wp-json\/wp\/v2\/posts"}],"about":[{"href":"https:\/\/www.ljusnaren.se\/index.php\/wp-json\/wp\/v2\/types\/post"}],"author":[{"embeddable":true,"href":"https:\/\/www.ljusnaren.se\/index.php\/wp-json\/wp\/v2\/users\/1"}],"replies":[{"embeddable":true,"href":"https:\/\/www.ljusnaren.se\/index.php\/wp-json\/wp\/v2\/comments?post=832"}],"version-history":[{"count":5,"href":"https:\/\/www.ljusnaren.se\/index.php\/wp-json\/wp\/v2\/posts\/832\/revisions"}],"predecessor-version":[{"id":841,"href":"https:\/\/www.ljusnaren.se\/index.php\/wp-json\/wp\/v2\/posts\/832\/revisions\/841"}],"wp:featuredmedia":[{"embeddable":true,"href":"https:\/\/www.ljusnaren.se\/index.php\/wp-json\/wp\/v2\/media\/834"}],"wp:attachment":[{"href":"https:\/\/www.ljusnaren.se\/index.php\/wp-json\/wp\/v2\/media?parent=832"}],"wp:term":[{"taxonomy":"category","embeddable":true,"href":"https:\/\/www.ljusnaren.se\/index.php\/wp-json\/wp\/v2\/categories?post=832"},{"taxonomy":"post_tag","embeddable":true,"href":"https:\/\/www.ljusnaren.se\/index.php\/wp-json\/wp\/v2\/tags?post=832"}],"curies":[{"name":"wp","href":"https:\/\/api.w.org\/{rel}","templated":true}]}}