{"id":844,"date":"2025-02-04T14:35:26","date_gmt":"2025-02-04T14:35:26","guid":{"rendered":"https:\/\/www.ljusnaren.se\/?p=844"},"modified":"2025-04-27T18:46:05","modified_gmt":"2025-04-27T18:46:05","slug":"1843-12-31","status":"publish","type":"post","link":"https:\/\/www.ljusnaren.se\/index.php\/2025\/02\/04\/1843-12-31\/","title":{"rendered":"1843-12-31"},"content":{"rendered":"\n<p>Pigan fr\u00e5n V\u00e4rmland har bott p\u00e5 Relln och blivit gravid. L\u00e4gersmannen ger inget st\u00f6d och kvinnan \u00e4r l\u00e4mnad d\u00e4r st\u00e4mman inte vill erbjuda fattigst\u00f6d, d\u00e5 hon ej \u00e4r mantalsskriven i Ljusnarsberg&#8230;<\/p>\n\n\n\n<h3 class=\"wp-block-heading\">\u00c5r 1843 den 31 december h\u00f6lls sockenst\u00e4mma med Ljusnarsbergs f\u00f6rsamling sedan \u00e4mnet f\u00f6r \u00f6verl\u00e4ggningen blivit vederb\u00f6rligen kungjord.<\/h3>\n\n\n\n<p><em>\u00a71. F\u00f6rsamlingens ledam\u00f6ter voro idag kallade till allm\u00e4n sockenst\u00e4mma f\u00f6r att avgiva utl\u00e5tande \u00f6ver ett f\u00f6rslag av \u00e4garen till H\u00e4llefors bruk, att delta i uti omkostnaden f\u00f6r en l\u00e4karers underh\u00e5ll, emot att denne varannan s\u00f6ndag skulle vara h\u00e4r n\u00e4rvarande f\u00f6r att sockens inv\u00e5nare med l\u00e4karbitr\u00e4de tillhandag\u00e5, vilket f\u00f6rslag nu ock uppl\u00e4stes.<\/em><\/p>\n\n\n\n<p><em>De f\u00e5 av f\u00f6rsamlingens ledam\u00f6ter som vid detta tillf\u00e4lle vore tillst\u00e4des, avg\u00e5vo h\u00e4r p\u00e5 det svar att de nu i detta m\u00e5l icke kunde fatta n\u00e5got beslut en\u00e4r de till H\u00e4llefors nyligen anl\u00e4nde l\u00e4karen ej vore av orten k\u00e4nd, utan ans\u00e5g att et avg\u00f6rande h\u00e4rav borde tills vidare uppskjutas. H\u00e4rvid h\u00f6rdes n\u00e5gra yttra den \u00f6nskan att denna fr\u00e5ga borde vid n\u00e4stkommande valborgsm\u00e4sso sockenst\u00e4mma f\u00f6redras i Ljusnarsberg med \u00f6vriga ekonomiska m\u00e5l.<\/em><\/p>\n\n\n\n<p><br><em>\u00a72. Ordf\u00f6randen tillk\u00e4nnagav att en piga fr\u00e5n V\u00e4rmland vilken n\u00e5gon tid vistats hos Carl Persson p\u00e5 Relln, utan att h\u00e4rst\u00e4des hava varit mantalsskriven, anh\u00e5llit om n\u00e5got underst\u00f6d, i anseende d\u00e4rtill att hon h\u00e4rst\u00e4des framf\u00f6tt ett o\u00e4kta barn och icke kunde erh\u00e5lla n\u00e5gon hj\u00e4lp av l\u00e4germannen. F\u00f6rsamlingen svarade, att d\u00e5 hon icke tillh\u00f6r denna f\u00f6rsamlingen kunde hennes beg\u00e4ran icke bifallas.<\/em><\/p>\n\n\n\n<p><em><br>\u00a73. L\u00f6fbergs \u00e4nka fr\u00e5n Abborrtj\u00e4rn anh\u00e5llan om underst\u00f6d av fattigmedlen, kunde f\u00f6rsamlingen nu icke bifalla men i h\u00e4ndelse hennes bel\u00e4genhet skulle f\u00f6rs\u00e4mras ville f\u00f6rsamlingen icke undandraga sig att henne efter behov underst\u00f6dja.<\/em><\/p>\n\n\n\n<p><em>S\u00e5lunda \u00f6verenskommet och beslutat, uppl\u00e4st och erk\u00e4nt intyga \u00e5 f\u00f6rsamlingens v\u00e4gnar,<br>J.D Westholm, Pastor<br>Bergman<br>(\u2026)<\/em><\/p>\n","protected":false},"excerpt":{"rendered":"<p>Pigan fr\u00e5n V\u00e4rmland har bott p\u00e5 Relln och blivit gravid. L\u00e4gersmannen ger inget st\u00f6d och kvinnan \u00e4r l\u00e4mnad d\u00e4r st\u00e4mman inte vill erbjuda fattigst\u00f6d, d\u00e5 hon ej \u00e4r mantalsskriven i Ljusnarsberg&#8230; \u00c5r 1843 den 31 december h\u00f6lls sockenst\u00e4mma med Ljusnarsbergs f\u00f6rsamling sedan \u00e4mnet f\u00f6r \u00f6verl\u00e4ggningen blivit vederb\u00f6rligen kungjord. \u00a71. F\u00f6rsamlingens ledam\u00f6ter voro idag kallade till [&hellip;]<\/p>\n","protected":false},"author":1,"featured_media":846,"comment_status":"closed","ping_status":"closed","sticky":false,"template":"","format":"standard","meta":{"footnotes":""},"categories":[176,21],"tags":[210,211,208,209],"class_list":["post-844","post","type-post","status-publish","format-standard","has-post-thumbnail","hentry","category-176","category-sockenstammoprotokoll","tag-hallefors","tag-lakare","tag-piga","tag-relln"],"_links":{"self":[{"href":"https:\/\/www.ljusnaren.se\/index.php\/wp-json\/wp\/v2\/posts\/844","targetHints":{"allow":["GET"]}}],"collection":[{"href":"https:\/\/www.ljusnaren.se\/index.php\/wp-json\/wp\/v2\/posts"}],"about":[{"href":"https:\/\/www.ljusnaren.se\/index.php\/wp-json\/wp\/v2\/types\/post"}],"author":[{"embeddable":true,"href":"https:\/\/www.ljusnaren.se\/index.php\/wp-json\/wp\/v2\/users\/1"}],"replies":[{"embeddable":true,"href":"https:\/\/www.ljusnaren.se\/index.php\/wp-json\/wp\/v2\/comments?post=844"}],"version-history":[{"count":4,"href":"https:\/\/www.ljusnaren.se\/index.php\/wp-json\/wp\/v2\/posts\/844\/revisions"}],"predecessor-version":[{"id":849,"href":"https:\/\/www.ljusnaren.se\/index.php\/wp-json\/wp\/v2\/posts\/844\/revisions\/849"}],"wp:featuredmedia":[{"embeddable":true,"href":"https:\/\/www.ljusnaren.se\/index.php\/wp-json\/wp\/v2\/media\/846"}],"wp:attachment":[{"href":"https:\/\/www.ljusnaren.se\/index.php\/wp-json\/wp\/v2\/media?parent=844"}],"wp:term":[{"taxonomy":"category","embeddable":true,"href":"https:\/\/www.ljusnaren.se\/index.php\/wp-json\/wp\/v2\/categories?post=844"},{"taxonomy":"post_tag","embeddable":true,"href":"https:\/\/www.ljusnaren.se\/index.php\/wp-json\/wp\/v2\/tags?post=844"}],"curies":[{"name":"wp","href":"https:\/\/api.w.org\/{rel}","templated":true}]}}