{"id":864,"date":"2025-02-04T18:47:06","date_gmt":"2025-02-04T18:47:06","guid":{"rendered":"https:\/\/www.ljusnaren.se\/?p=864"},"modified":"2025-04-27T18:46:05","modified_gmt":"2025-04-27T18:46:05","slug":"1844-03-17","status":"publish","type":"post","link":"https:\/\/www.ljusnaren.se\/index.php\/2025\/02\/04\/1844-03-17\/","title":{"rendered":"1844-03-17"},"content":{"rendered":"\n<p>Kungen \u00e4r d\u00f6d och kyrkans klockor ska ringa en timme varje dag, \u00e4nkan Zetterberg har \u00e5terv\u00e4nt till socken och Eric Perssons bror har blivit svagsint..<\/p>\n\n\n\n<h3 class=\"wp-block-heading\">\u00c5r 1844 den 17 mars h\u00f6lls allm\u00e4n sockenst\u00e4mma med Ljusnarsbergs f\u00f6rsamling, efter d\u00e4rom med tillk\u00e4nnagivande av \u00e4mnet f\u00f6r \u00f6verl\u00e4ggning, samma dag fr\u00e5n predikstolen skedd p\u00e5lysning.<\/h3>\n\n\n\n<p><\/p>\n\n\n\n<p><em>\u00a71. Pastor f\u00f6redrog den fr\u00e5n h\u00e4radsskrivarkontoret hits\u00e4nda mantalsl\u00e4ngd f\u00f6r 1844 \u00f6ver denna socken med f\u00f6rfr\u00e5gan om f\u00f6rsamlingens ledam\u00f6ter \u00f6nskade att h\u00f6ra den uppl\u00e4sas eller om de dess f\u00f6rutan ville den samma underskriva utan anm\u00e4rkning. F\u00f6rsamlingen f\u00f6rklarade att det icke allenast skulle medta f\u00f6r mycken tid, att nu uppl\u00e4sa denna l\u00e4ngd utan, med k\u00e4nnedom om den noggrannhet varmed herr h\u00e4radsskrivare Westerberg f\u00f6rr\u00e4ttar mantalsskrivningen s\u00e5 v\u00e4l som andra fina tj\u00e4nste\u00e5ligganden, vara \u00f6verfl\u00f6digt att genomg\u00e5 hela den vidlyftiga mantalsl\u00e4ngden, vadan den ock utan n\u00e5gon anm\u00e4rkning underskrevs. Emellertid tillk\u00e4nnagav ordf\u00f6randen att i h\u00e4ndelse n\u00e5gon skulle vila ta n\u00e4rmare k\u00e4nnedom av mantalsl\u00e4ngden, den tills vidare vore att tillg\u00e5 hos pastor.<\/em><\/p>\n\n\n\n<p><em>\u00a72. Sedan nu anbefallt blivit att tills dess annorlundare f\u00f6rordnas en timme mellan kl 12 och 13 &#8211; dagligen skulle med kyrkans alla klockor h\u00e5llas ringning efter med d\u00f6den avg\u00e5ngne h\u00f6gst salig Hans majest\u00e4t konungen Carl XIV Johan hemst\u00e4llde pastor till f\u00f6rsamlingens ombepr\u00f6vande om till den anbefallda ringningens verkst\u00e4llande skulle uppg\u00f6ras en ordningsl\u00e4ngd \u00f6ver hela f\u00f6rsamlingen och i \u00f6verensst\u00e4mmelse d\u00e4rmed varje s\u00f6ndag fr\u00e5n predikstolen kung\u00f6ra vilja f\u00f6r var dag under den ing\u00e5ngna veckan skulle f\u00f6r ringningarna ansvara &#8211; eller om det kunde finnas l\u00e4mpligare att f\u00f6r socknens gemensamma r\u00e4kning och bekostnad ackordera med n\u00e5gon tillf\u00f6rlitlig person som emot en sk\u00e4lig \u00f6verenskommen betalning \u00e5tog sig kungsringningen f\u00f6r hela tiden den kan komma att p\u00e5g\u00e5.<br>Efter n\u00e5gon stunds \u00f6verl\u00e4ggning antogs det senare alternativet, s\u00e5som varande det l\u00e4mpligaste f\u00f6r denna vidstr\u00e4ckta socken, och besl\u00f6ts att pastor n\u00e4sta s\u00f6ndag skulle fr\u00e5n predikstolen l\u00e5ta kung\u00f6ra det nu p\u00e5g\u00e5ende kungsringning komme att Marie beb\u00e5delsedag efter slutad gudstj\u00e4nst bortackorderas till den, som f\u00f6r minsta betalning ville densamma verkst\u00e4lla.<\/em> <em>Under tiden och intill dess \u00e5tog sig bergsman Gustaf Ersson i Elgfall att med bitr\u00e4de av en ordinarie ringare, som emot s\u00e4rskild betalning 16 S Banco all tid m\u00e5ste i ringningen delta och tillse att icke henom of\u00f6rsiktig ringning klockorna eller n\u00e5gon person skadas, ansvara f\u00f6r ringningen emot en betalning av 1 Rd 12 S Rgs f\u00f6r varje dag.<\/em><\/p>\n\n\n\n<p><em>\u00a73. \u00c4nkan efter f.d filaren eller smeden Anders Zetterberg, Cathrina Charlotta Zetterberg f\u00f6retr\u00e4dde och anh\u00f6ll att hon tillika med sin minder\u00e5riga son m\u00e5tte f\u00e5 \u00e5ter inflytta i f\u00f6rsamlingen och erh\u00e5lla n\u00e5got underst\u00f6d till sin sons f\u00f6rs\u00f6rjande och uppfostran.<br>F\u00f6rsamlingens ledam\u00f6ter f\u00f6rklarade, att de alldelesicke kunde l\u00e4mna bifall till \u00e4nkan Zetterbergs beg\u00e4ran en\u00e4r hennes man i livstiden icke annorlunda \u00e4n s\u00e5som arbetare vid Krokfors Mekaniska Verkstad tillh\u00f6rt f\u00f6rsamlingen. Vid beviljandet av Krokfors Gjuteri och Verkstads anl\u00e4ggande, hade f\u00f6rsamlingen uttryckligen f\u00e4stat det villkor att icke n\u00e5gon av sig kommen arbetare, \u00e4nka eller barn fr\u00e5n Krokfors skulle i n\u00e5got avseende falla f\u00f6rsamlingens fattigv\u00e5rd till laste, havan och de herrar som anlade Krokfors s\u00e5kallade fabrik f\u00f6rs\u00e4krade att de sj\u00e4lva skulle f\u00f6rs\u00f6rja och v\u00e5rda sina blivande orkesl\u00f6sa eller fattiga arbetare utan att d\u00e4rmed i n\u00e5gon m\u00e5tto betunga f\u00f6rsamlingen. Denna avgivna f\u00f6rs\u00e4kran hava ock herrar \u00e4gare till Krokfors allt hittills h\u00e5llit i helgd.<\/em><\/p>\n\n\n\n<p><em><br>F\u00f6rsamlingen uppmanade f\u00f6r den skull \u00e4nkan Zetterberg att med sin nu yttrade beg\u00e4ran v\u00e4nda sig till Krokfors \u00e4gare. Emellertid ville ock f\u00f6rsamlingen hava till protokollet anm\u00e4rkt, att smeden Zetterberg tillika med hustru och son, f\u00f6rsedde med vederb\u00f6rligt pr\u00e4stbetyg, f\u00f6r snart sex \/6\/ \u00e5r sedan, avflyttade fr\u00e5n f\u00f6rsamlingen, utan att sedan den tiden h\u00e4r litet h\u00f6ra av sig f\u00f6rr\u00e4n nu, att om personer som s\u00e5lunda i en m\u00e4ngd \u00e5r under de \u00e4ga h\u00e4lsa och arbetsf\u00f6rm\u00e5ga vistas p\u00e5 andra orter, d\u00e4r emottagas i tj\u00e4nst men icke mantalsskrivas, sedermera n\u00e4r krafter nu svika eller andra omst\u00e4ndigheter f\u00f6rorsaka att de icke kunna sig sj\u00e4lv f\u00f6rs\u00f6rja, \u00e5terv\u00e4nda till den socken fr\u00e5n vilken de f\u00f6r l\u00e5ng tid sedan sj\u00e4lva villigt avflyttat och \u00e4ga r\u00e4tt att emedan de d\u00e4r senast varit mantalsskrivna, bliva emottagna och f\u00f6rs\u00f6rjda &#8211; skulle l\u00e4tteligen kunna h\u00e4nda, \u00e5tminstone vad denna f\u00f6rsamling betr\u00e4ffar, d\u00e4r \u00e5rligen s\u00e5 m\u00e5nga personer b\u00e5de in- och utflytta, att socken komma att vidk\u00e4nnas allt f\u00f6r m\u00e5nga op\u00e5r\u00e4knade fattighjon.<\/em><\/p>\n\n\n\n<p><em>\u00a74. Tillk\u00e4nnagav ordf\u00f6randen, att Eric Persson vid \u00d6rk\u00e4rn anm\u00e4lt att dess broder Fredric Persson fort(..) vara svagsint och att han, Eric Persson, ej l\u00e4ngre m\u00e4ktade f\u00f6rs\u00f6rja och v\u00e5rda den olyckliga brodern utan nu n\u00f6dgades p\u00e5kalla f\u00f6rsamlingens deltagande och underst\u00f6d. F\u00f6rsamlingen beklagade v\u00e4l det olyckliga f\u00f6rh\u00e5llandet &#8211; men f\u00f6rmodade att Fredric Persson \u00e4gde n\u00e5gra arvstillg\u00e5ngar att, om s\u00e5 kunde pr\u00f6vas n\u00f6digt, inl\u00f6sa sig d\u00e4rmed p\u00e5 n\u00e5gon hospitalsinr\u00e4ttning. F\u00f6rsamlingens ledam\u00f6ter f\u00f6rklarade d\u00e4rf\u00f6r att intill dess Eric Persson inf\u00f6r socknen p\u00e5 allm\u00e4n sockenst\u00e4mma f\u00f6retett arvskiftshandlingarna kunde hans beg\u00e4ran om underst\u00f6d icke till pr\u00f6vning upptas.<\/em><\/p>\n\n\n\n<p><em>S\u00e5lunda \u00f6verenskommet och beslutat, uppl\u00e4st och erk\u00e4nt betyga \u00e5 f\u00f6rsamlingens v\u00e4gnar,<\/em><\/p>\n\n\n\n<p><em>J.D Westholm, ordf\u00f6rande<br>Eric Persson i Wiken<br>Lars P\u00e4rsson i Br\u00e4nnbyn<\/em><\/p>\n\n\n\n<p><\/p>\n\n\n\n<p><em>Vid justeringen av f\u00f6reg\u00e5ende protokoll, d\u00e5 till f\u00f6lje av 2 \u00a7 i samma protokoll och i enlighet med d\u00e4rom fr\u00e5n predikstolen skedd p\u00e5lysning, verkst\u00e4llandet av nu p\u00e5g\u00e5ende kungsringning skulle bortackorderas till den, som f\u00f6r minsta betalning ville \u00e5ta sig skyldigheten och ansvarigheten f\u00f6r samma ringnings beh\u00f6riga verkst\u00e4llande, tr\u00e4ffades omsider och efter l\u00e5ngvarig \u00f6verl\u00e4ggning det ackord med ringaren Jan Adamsson vid Fasheden eller Nya v\u00e4gen, att han skulle till och med n\u00e4sta s\u00f6ndag ansvara f\u00f6rringningen emot en betalning av 2 Rd 12 S Rgs om dagen, den ordinarie ringarens  arvode ober\u00e4knat. F\u00f6rsamlingens n\u00e4rvarande ledam\u00f6ter, lika med pastor, ans\u00e5g denna betalning under en m\u00f6jligen l\u00e4ngre tid bliv f\u00f6r socken alltf\u00f6r betungande, vadan besl\u00f6ts , att derest icke n\u00e4sta s\u00f6ndag lindrigare ackord kunde tr\u00e4ffas, verkst\u00e4lla ringningen medelst budning.<\/em><\/p>\n\n\n\n<p>I<em>n fidem protocolli, J D Westholm, pastor<\/em><\/p>\n\n\n\n<p><\/p>\n","protected":false},"excerpt":{"rendered":"<p>Kungen \u00e4r d\u00f6d och kyrkans klockor ska ringa en timme varje dag, \u00e4nkan Zetterberg har \u00e5terv\u00e4nt till socken och Eric Perssons bror har blivit svagsint.. \u00c5r 1844 den 17 mars h\u00f6lls allm\u00e4n sockenst\u00e4mma med Ljusnarsbergs f\u00f6rsamling, efter d\u00e4rom med tillk\u00e4nnagivande av \u00e4mnet f\u00f6r \u00f6verl\u00e4ggning, samma dag fr\u00e5n predikstolen skedd p\u00e5lysning. \u00a71. Pastor f\u00f6redrog den fr\u00e5n [&hellip;]<\/p>\n","protected":false},"author":1,"featured_media":814,"comment_status":"closed","ping_status":"closed","sticky":false,"template":"","format":"standard","meta":{"footnotes":""},"categories":[212,30,21],"tags":[216,214,217,215],"class_list":["post-864","post","type-post","status-publish","format-standard","has-post-thumbnail","hentry","category-212","category-kyrkan","category-sockenstammoprotokoll","tag-krokfors","tag-kyrkringning","tag-orkarn","tag-zetterberg"],"_links":{"self":[{"href":"https:\/\/www.ljusnaren.se\/index.php\/wp-json\/wp\/v2\/posts\/864","targetHints":{"allow":["GET"]}}],"collection":[{"href":"https:\/\/www.ljusnaren.se\/index.php\/wp-json\/wp\/v2\/posts"}],"about":[{"href":"https:\/\/www.ljusnaren.se\/index.php\/wp-json\/wp\/v2\/types\/post"}],"author":[{"embeddable":true,"href":"https:\/\/www.ljusnaren.se\/index.php\/wp-json\/wp\/v2\/users\/1"}],"replies":[{"embeddable":true,"href":"https:\/\/www.ljusnaren.se\/index.php\/wp-json\/wp\/v2\/comments?post=864"}],"version-history":[{"count":3,"href":"https:\/\/www.ljusnaren.se\/index.php\/wp-json\/wp\/v2\/posts\/864\/revisions"}],"predecessor-version":[{"id":867,"href":"https:\/\/www.ljusnaren.se\/index.php\/wp-json\/wp\/v2\/posts\/864\/revisions\/867"}],"wp:featuredmedia":[{"embeddable":true,"href":"https:\/\/www.ljusnaren.se\/index.php\/wp-json\/wp\/v2\/media\/814"}],"wp:attachment":[{"href":"https:\/\/www.ljusnaren.se\/index.php\/wp-json\/wp\/v2\/media?parent=864"}],"wp:term":[{"taxonomy":"category","embeddable":true,"href":"https:\/\/www.ljusnaren.se\/index.php\/wp-json\/wp\/v2\/categories?post=864"},{"taxonomy":"post_tag","embeddable":true,"href":"https:\/\/www.ljusnaren.se\/index.php\/wp-json\/wp\/v2\/tags?post=864"}],"curies":[{"name":"wp","href":"https:\/\/api.w.org\/{rel}","templated":true}]}}