{"id":871,"date":"2025-02-05T21:32:27","date_gmt":"2025-02-05T21:32:27","guid":{"rendered":"https:\/\/www.ljusnaren.se\/?p=871"},"modified":"2025-04-27T18:45:43","modified_gmt":"2025-04-27T18:45:43","slug":"1844-04-28","status":"publish","type":"post","link":"https:\/\/www.ljusnaren.se\/index.php\/2025\/02\/05\/1844-04-28\/","title":{"rendered":"1844-04-28"},"content":{"rendered":"\n<p>Den av staten p\u00e5lagda skyldigheten om att h\u00e5lla skola belastar sockenst\u00e4mman &#8211; det kommer kosta mycket pengar&#8230;<\/p>\n\n\n\n<h3 class=\"wp-block-heading\">\u00c5r 1844 den 28 april h\u00f6lls, efter 14 dagar f\u00f6rut d\u00e4rom med \u00f6verl\u00e4ggnings\u00e4mnenas tillk\u00e4nnagivande skedd p\u00e5lysning, allm\u00e4n sockenst\u00e4mma med Ljusnarsbergs f\u00f6rsamling.<\/h3>\n\n\n\n<p><\/p>\n\n\n\n<p><em>\u00a71. Till underd\u00e5nig \u00e5tlydnad av Kongl. Majts till V\u00e4ster\u00e5s stifts biskop ankomna cirkul\u00e4rbrev av den 15 februari och 7 mars 1844 och till f\u00f6ljd av herr doktorns, biskopens och kommend\u00f6rens d\u00e4rp\u00e5 grundade till stiftet alla pastorer avl\u00e5tna cirkul\u00e4rskrivelse av den 30:e n\u00e4stlidna mars, med anmodan, att, var inom sitt pastorat \u00e5 utlyste allm\u00e4nna sockenst\u00e4mmor h\u00f6ra f\u00f6rsamlingarna huruvida de vore i behov av och \u00e4skade underst\u00f6d av allm\u00e4nna medel f\u00f6r att ordna deras skolv\u00e4sende i enlighet med n\u00e5diga stadgan fr\u00e5n predikstolen skedd kung\u00f6relse med \u00e4mnets tillk\u00e4nnagivande, denna, Ljusnarsbergs f\u00f6rsamlingsledam\u00f6ter samlade till allm\u00e4n sockenst\u00e4mmas h\u00e5llande f\u00f6r att uti f\u00f6rber\u00f6rda riktiga \u00e4mne sina tankar tillk\u00e4nnagiva. Till en b\u00f6rjan uppl\u00e4ste nu pastor \u00e5nyo Den N\u00e5diga Stadgan om Folkundervisningen den 18 juni 1842 och f\u00f6rbem\u00e4lda n\u00e5diga cirkul\u00e4rbrev av den 15 februari och 7 mars innevarande \u00e5r, varefter han med avseende p\u00e5 reglerandet folkundervisningen inom denna socken och med ledning av den i n\u00e5der fastst\u00e4llda tabell \u00f6ver uppgifter f\u00f6r ordnandet av folkskolv\u00e4sendet inom f\u00f6rsamlingarna till besvarande framst\u00e4llda f\u00f6ljande fr\u00e5gor:<\/em><\/p>\n\n\n\n<ol class=\"wp-block-list\">\n<li><em>Hur stor \u00e4r denna f\u00f6rsamlings st\u00f6rsta l\u00e4ngd och bredd? N\u00e5got fullkomligen best\u00e4mt kunde icke i detta fall uppgivas; men ifr\u00e5n den i norr l\u00e4ngst bort och emot Grang\u00e4rdes r\u00e5skillnad bel\u00e4get (\u2026) Stenharn till Axsj\u00f6n d\u00e4r i s\u00f6der l\u00e4ngst bort och intill Lindes r\u00e5skillnad bel\u00e4gna \u00e4r circa 4 mil. Socknens bredd fr\u00e5n \u00f6ster till v\u00e4ster &#8211; eller ifr\u00e5n K\u00e4llk\u00e4rn bel\u00e4gen n\u00e4rmast intill Ramsbergs, till Ufberg, bel\u00e4get intill H\u00e4llefors och Hjulsj\u00f6 r\u00e5skillnad &#8211; anses vara 2 1\/2 mil.<\/em><\/li>\n\n\n\n<li><em>Hur m\u00e5nga hemman utg\u00f6r socknen? Vid senaste skattel\u00e4ggningen eller d\u00e5 bergsfr\u00e4lsefriheten f\u00f6r detta bergslag upph\u00f6rde, lades hela socknen uti hemmantal. De s\u00e5lunda uppkomna nya hemmanen \u00e4ro 32 och n\u00e4r d\u00e4rtill l\u00e4ggas de 5 5\/8 fr\u00e5n \u00e4ldre tider skattlagda, s\u00e5 blir summan 37 5\/8 hela hemman: Vilka \u00e4r i st\u00f6rre och mindre till och med uti 81\/10,880 delar s\u00f6nderstyckade. Alla hemman \u00e4r s\u00e5vitt man k\u00e4nner, of\u00f6rmedlade.<\/em><\/li>\n\n\n\n<li><em>Beh\u00f6vs uti den fasta, vid kyrkan bel\u00e4gna, skolan n\u00e5gon mera l\u00e4rare \u00e4n den f\u00f6rut antagna och med betyg om skicklighet f\u00f6rsedd, f\u00f6rsamlingens organist direkt\u00f6r Nederdahl? F\u00f6rsamlingen f\u00f6rklarade att en l\u00e4rare vore tillr\u00e4cklig f\u00f6r denna skola, d\u00e4r v\u00e4xelundervisningsmetoden begagnades och d\u00e4r allenast de barn vilkas hemvist \u00e4ro bel\u00e4gna inom 1\/2 mil fr\u00e5n kyrkan, kunna infinna sig (antalet av barn i denna skola \u00e4r vanligtvis mellan 20 och 20, s\u00e4llan n\u00e5got d\u00e4r ut\u00f6ver).<br><\/em><\/li>\n<\/ol>\n\n\n\n<p><em>En\u00e4r s\u00e5ledes ett, i avseende till socknens folkrikhet, ringa antal barn begagna undervisningen i den vid kyrkan bel\u00e4gna fasta skolan, hemst\u00e4llde ordf\u00f6randen om det icke vore av n\u00f6den att flera antingen fasta eller ambulatoriska, med vederb\u00f6rligen examinerade och godk\u00e4nda l\u00e4rare f\u00f6rsedda skolor inr\u00e4ttades? D\u00e4rtill f\u00f6rsamlingens ledam\u00f6ter svarade, att visserligen det beh\u00f6vdes fler skolor inom socknen, men att inr\u00e4tta n\u00e5gon mer fast skola vore helt och h\u00e5llet utan \u00e4ndam\u00e5l, all stund h\u00e4r icke, undantagandes vid och n\u00e4rmast omkring kyrkan, finnas n\u00e5gra st\u00f6rre byalag utan f\u00f6r det mesta enstaka g\u00e5rdar och uti de s\u00e5 kallade byarna vanligen tv\u00e5 a tre h\u00f6gst fyra a fem \u00e5boer och att p\u00e5 flera trakter inom socknen \u00e4r byarna emellan 1\/2 a 3\/4 mil n\u00e4stan alldeles obanade v\u00e4gar. Till f\u00f6ljd h\u00e4rav aldrig p\u00e5 n\u00e5got st\u00e4lle ett st\u00f6rre antal barn kunna samlas att p\u00e5 en g\u00e5ng njuta gemensam undervisning.<\/em><\/p>\n\n\n\n<p><em><br>Med avseende p\u00e5 detta lokala och oavhj\u00e4lpliga f\u00f6rh\u00e5llanden ans\u00e5gs om\u00f6jligt att inom denna folkrika vidstr\u00e4ckta och fattiga socken ordna skolv\u00e4sendet i fullst\u00e4ndig \u00f6verensst\u00e4mmelse med f\u00f6rbem\u00e4lda Kongl. Majts n\u00e5diga stadga. F\u00f6rsamlingen f\u00f6rklarade likv\u00e4l det vara dess h\u00f6gsta \u00f6nskan och skulle bliva dess oavl\u00e5tliga bem\u00f6dande att efter f\u00f6rm\u00e5ga draga f\u00f6rsorg om det uppv\u00e4xande sl\u00e4ktets upplysning och sedliga f\u00f6rb\u00e4ttring. detta ans\u00e5g f\u00f6rsamlingen l\u00e4mpligast kunde d\u00e4rigenom vinnas, att flera, fyra a fem, f\u00f6r ett sedligt och kristligt uppf\u00f6rande k\u00e4nda personer, hugade att \u00e5taga sig barnundervisningskallet efter av skolstyrelsen med dem anst\u00e4lld pr\u00f6vning och befunnen skicklighet utv\u00e4lja och befullm\u00e4ktigas, att emot en billig framdeles best\u00e4mt avl\u00f6ning, var och en inom ett visst f\u00f6r sig best\u00e4mt distrikt, h\u00e5lla skola, p\u00e5 det s\u00e4tt att n\u00e4r undervisningen fortg\u00e5tt 2 a 3 m\u00e5nader p\u00e5 ett st\u00e4lle, skolan flyttades till en annan trakt inom distriktet. Vad \u00e5ter den av pastor gjorda hemst\u00e4llan om icke de personer, som s\u00e5lunda f\u00e5 sig barnundervisningen anf\u00f6rtrodd, borde ha genomg\u00e5tt n\u00e5got skolseminarium och vara d\u00e4rifr\u00e5n med betyg \u00e4gande skicklighet f\u00f6rsedde svarades, att (\u2026) personers avl\u00f6nande skulle m\u00e5ngdubbelt \u00f6verstiga f\u00f6rsamlingens f\u00f6rm\u00e5ga och g\u00f6ra det till en om\u00f6jlighet, att med f\u00f6da och kl\u00e4der underh\u00e5lla det stora antal fattiga barn, som inom denna f\u00f6rsamling f\u00f6refinnes. Det ans\u00e5gs vara nog om dessa byskolm\u00e4stare n\u00e5gon tid deltog uti undervisningen i den inom socken varande fasta skolan och under d\u00e4rvarande l\u00e4rarens tillsyn och ledning inh\u00e4mtade skicklighet undervisa uti alla de l\u00e4ro\u00e4mnen, som den n\u00e5diga skolstadgan best\u00e4mmer s\u00e5som det minsta kunskapsm\u00e5tt barnen m\u00e5ste inh\u00e4mta, vilket kunskapsm\u00e5tt \u00e4ven ans\u00e5gs vara fullt tillr\u00e4ckligt f\u00f6r allmogen eller arbetsklassens behov. Dessutom stod det \u00f6ppet f\u00f6r var och en, som d\u00e4rtill hade h\u00e5g och egna tillg\u00e5ngar, h\u00e5lla sin barn i den fasta skolan, d\u00e4r en vidstr\u00e4cktare undervisning meddelas.<\/em><\/p>\n\n\n\n<p><em>I sammanhang h\u00e4rmed fr\u00e5gade varifr\u00e5n tillr\u00e4ckliga medel till s\u00e5 v\u00e4l skoll\u00e4rares avl\u00f6ning som ock till de fattiga barnens underh\u00e5ll under skoltiden skulle erh\u00e5llas? Efter n\u00e5gon stunds \u00f6verl\u00e4ggning h\u00e4rom besl\u00f6ts att sedan den av framlidne kyrkoherden Eric Hammarstr\u00f6m och \u00e5tskilliga f\u00f6rsamlingsbor \u00e5r 1811 grundlagda av h\u00f6gst salig hans Kungliga Majest\u00e4t konungen Carl XIV Johan vid h\u00f6gst densamma resa \u00e5r 1819 genom denna socken med en f\u00f6r\u00e4rad g\u00e5va av 400 Rd Banco f\u00f6rst\u00e4rkta skolkassa uppg\u00e5tt till en summa av 3000 Riksdaler banco, varav 2813 Rd 16 S Banco vore emot laglig r\u00e4nta utl\u00e5nade, skulle icke n\u00e5got av v\u00e4ntan vidare l\u00e4ggas till kapitalet utan anv\u00e4ndas oavkortad till skolans behov av n\u00f6diga l\u00e4rob\u00f6cker, tabeller ,, och till l\u00e4raren i fasta skolans avl\u00f6ning.<\/em><\/p>\n\n\n\n<p><em><br>L\u00e4rarens i fasta skolan l\u00f6nef\u00f6rm\u00e5ner \u00e4nnu ej fullkomligt reglerade hava hittills utg\u00e5tt med utur sockenkassan (\u2026 genom \u00e5rlig taxering) 2 tunnor r\u00e5g, 1 tunna korn och 1 tunna havre; ur skolkassan med 50 Rd Banco l\u00f6n och 6 Rd samma mynt (..)medel samt 4 S Banco i veckan f\u00f6r varje barn vars f\u00f6r\u00e4ldrar icke kunna betala den eljest vanliga veckoavgiften 12 S Banco &#8211; varj\u00e4mte han enligt en av herr brukspatron och riddaren E.A. Cederborgh avgivna skriftliga f\u00f6rbindelse \u00e5rligen fr\u00e5n Stj\u00e4rnfors bruk erh\u00e5ller 13 Rd 16 Rgs Banco, \u00e5tog sig f\u00f6rsamlingen till skolv\u00e4sendets ordnande och underh\u00e5llande en \u00e5rlig personlig avgift av 4 S Banco p\u00e5 varje mantalsskriven skatteskyldig person. Om uppb\u00f6rden av dessa medel skulle kronofogden i f\u00f6gderiet anmodas att emot ett sk\u00e4ligt uppb\u00f6rdsarvode, dra f\u00f6rsorg och de influtna medlen till skolkassans f\u00f6rvaltare s\u00e5 tidigt sig g\u00f6ra l\u00e5ter, \u00f6verl\u00e4mna. Den s\u00e5lunda \u00e5tagna personliga avgift ber\u00e4knades b\u00f6ra, efter skedd avkortning och uppb\u00f6rdsarvodets erl\u00e4ggande uppg\u00e5 till en summa av 200 Rd Banco. Som denna summa ans\u00e5gs beh\u00f6vlig om icke otillr\u00e4cklig till fattiga barns underh\u00e5ll under deras skoltid, besl\u00f6ts att till de f\u00f6reslagna 4-5 barnl\u00e4rares avl\u00f6ning i underd\u00e5nighet hos Kongl. Majt anh\u00e5lla om 200 Rgs Banco \u00e5rligt underst\u00f6d av statsmedel. S\u00e5som st\u00f6d f\u00f6r denna sin underd\u00e5niga beg\u00e4ran v\u00e5gade f\u00f6rsamlingen underd\u00e5nigast \u00e5beropa att inom denna socken utg\u00f6res st\u00f6rsta personalen av landb\u00f6nder, torpare, backstugesittare, gruv- och hyttarbetare, samt inhyseshjon. St\u00f6rre delen utfattiga att den n\u00e4rvarande sv\u00e5ra konjunkturen f\u00f6r bergshanteringen, ortens n\u00e4stan enda n\u00e4ringsf\u00e5ng, v\u00e5llar om icke snart ett f\u00f6r j\u00e4rnhanteringen lyckligare f\u00f6rh\u00e5llande intr\u00e4ffar, allm\u00e4n fattigdom.<\/em> <em>I avseende p\u00e5 skol(\u2026) anskaffande; projekterades att d\u00e4rtill inreda den ena av (\u2026) eller magasinen vid gruvstugan, Men beslut d\u00e4rom skulle framdeles och efter skedd (\u2026) fattas.<\/em><\/p>\n\n\n\n<p><em><br>\u00a72. Till ledam\u00f6ter uti \u00e5rets taxeringskommitt\u00e9, vilken \u00e5 sockenstugan sammantr\u00e4der den 6:e n\u00e4stkommande juni valdes, utom f\u00f6rsamlingens pastor: Postm\u00e4staren Claes Carlberg p\u00e5 Konstdammen, handlanden J.F Behrling vid Sundet, inspekt\u00f6r Magnusson vid Stj\u00e4rnfors, herr Carl Ericsson p\u00e5 Laxbro, n\u00e4mndeman Eric Segelstr\u00f6m vid Stora L\u00f6vfall, bergsman Jan Jansson i Viktorp, sexman Eric Jansson p\u00e5 \u00d6stra Born och n\u00e4mndeman Anders Andersson vid Gr\u00f6nhult.<\/em><\/p>\n\n\n\n<p><em><br>\u00a73. Till revisorer vilka detta \u00e5r b\u00f6ra granska kyrkans, de fattigas, skolfondens, Fromma Stiftelsens, bokkassans och lasarettets, \u00e4vensom byggnads och fattigv\u00e5rdskassans r\u00e4kenskaper valdes herr postm\u00e4stare C. Carlberg, herr inspekt\u00f6r A. Magnusson och n\u00e4mndeman Eric Segelstr\u00f6m.<\/em><\/p>\n\n\n\n<p><em><br>\u00a74. Till sockenfullm\u00e4ktig vid m\u00f6nstringen med denna sockens bev\u00e4ringsmanskap den 11 i stundande maj valdes bergsmannen Anders Andersson vid Bj\u00f6rk\u00e4ng.<\/em><\/p>\n\n\n\n<p><\/p>\n\n\n\n<ol start=\"5\" class=\"wp-block-list\">\n<li><\/li>\n<\/ol>\n\n\n\n<p><em>S\u00e5lunda \u00f6verenskommet, beslutat och valt, uppl\u00e4st och erk\u00e4nt betyga \u00e5 f\u00f6rsamlingens v\u00e4gnar,<\/em><\/p>\n\n\n\n<p><em>J.D Westholm, ordf\u00f6rande<\/em><\/p>\n\n\n\n<p><em>Uppl\u00e4st fr\u00e5n Ljusnarsbergs kyrkas predikstol den 27 juni 1844, betygar<br>Ex officio J.D Westholm<\/em><\/p>\n\n\n\n<p><\/p>\n","protected":false},"excerpt":{"rendered":"<p>Den av staten p\u00e5lagda skyldigheten om att h\u00e5lla skola belastar sockenst\u00e4mman &#8211; det kommer kosta mycket pengar&#8230; \u00c5r 1844 den 28 april h\u00f6lls, efter 14 dagar f\u00f6rut d\u00e4rom med \u00f6verl\u00e4ggnings\u00e4mnenas tillk\u00e4nnagivande skedd p\u00e5lysning, allm\u00e4n sockenst\u00e4mma med Ljusnarsbergs f\u00f6rsamling. \u00a71. Till underd\u00e5nig \u00e5tlydnad av Kongl. Majts till V\u00e4ster\u00e5s stifts biskop ankomna cirkul\u00e4rbrev av den 15 februari [&hellip;]<\/p>\n","protected":false},"author":1,"featured_media":873,"comment_status":"closed","ping_status":"closed","sticky":false,"template":"","format":"standard","meta":{"footnotes":""},"categories":[212,59,21],"tags":[61,221,222],"class_list":["post-871","post","type-post","status-publish","format-standard","has-post-thumbnail","hentry","category-212","category-skola","category-sockenstammoprotokoll","tag-skola","tag-skolundervisning","tag-statsbidrag"],"_links":{"self":[{"href":"https:\/\/www.ljusnaren.se\/index.php\/wp-json\/wp\/v2\/posts\/871","targetHints":{"allow":["GET"]}}],"collection":[{"href":"https:\/\/www.ljusnaren.se\/index.php\/wp-json\/wp\/v2\/posts"}],"about":[{"href":"https:\/\/www.ljusnaren.se\/index.php\/wp-json\/wp\/v2\/types\/post"}],"author":[{"embeddable":true,"href":"https:\/\/www.ljusnaren.se\/index.php\/wp-json\/wp\/v2\/users\/1"}],"replies":[{"embeddable":true,"href":"https:\/\/www.ljusnaren.se\/index.php\/wp-json\/wp\/v2\/comments?post=871"}],"version-history":[{"count":5,"href":"https:\/\/www.ljusnaren.se\/index.php\/wp-json\/wp\/v2\/posts\/871\/revisions"}],"predecessor-version":[{"id":878,"href":"https:\/\/www.ljusnaren.se\/index.php\/wp-json\/wp\/v2\/posts\/871\/revisions\/878"}],"wp:featuredmedia":[{"embeddable":true,"href":"https:\/\/www.ljusnaren.se\/index.php\/wp-json\/wp\/v2\/media\/873"}],"wp:attachment":[{"href":"https:\/\/www.ljusnaren.se\/index.php\/wp-json\/wp\/v2\/media?parent=871"}],"wp:term":[{"taxonomy":"category","embeddable":true,"href":"https:\/\/www.ljusnaren.se\/index.php\/wp-json\/wp\/v2\/categories?post=871"},{"taxonomy":"post_tag","embeddable":true,"href":"https:\/\/www.ljusnaren.se\/index.php\/wp-json\/wp\/v2\/tags?post=871"}],"curies":[{"name":"wp","href":"https:\/\/api.w.org\/{rel}","templated":true}]}}