{"id":883,"date":"2025-02-09T19:02:24","date_gmt":"2025-02-09T19:02:24","guid":{"rendered":"https:\/\/www.ljusnaren.se\/?p=883"},"modified":"2025-04-27T18:45:43","modified_gmt":"2025-04-27T18:45:43","slug":"1844-06-02","status":"publish","type":"post","link":"https:\/\/www.ljusnaren.se\/index.php\/2025\/02\/09\/1844-06-02\/","title":{"rendered":"1844-06-02"},"content":{"rendered":"\n<p>Det tycks bl\u00e5sa till storm om betesr\u00e4tten v\u00e4ster om Ljusnaren, mellan handlanden och pastorn, d\u00e4r den f\u00f6rstn\u00e4mnde byggt g\u00e4rdesg\u00e5rd och st\u00e4ngt den senare ute&#8230;<\/p>\n\n\n\n<h3 class=\"wp-block-heading\">\u00c5r 1844 den 2:a juni h\u00f6lls efter d\u00e4rom i laga ordning skedd kung\u00f6relse fr\u00e5n predikstolen med tillk\u00e4nnagivande av \u00f6verl\u00e4ggnings\u00e4mnena, allm\u00e4n sockenst\u00e4mma med Ljusnarsbergs f\u00f6rsamling.<\/h3>\n\n\n\n<p><em>\u00a71. Tillk\u00e4nnagav undertecknad komminister det f\u00f6rsamlingens pastor idag vore hindrad att denna sockenst\u00e4mma \u00f6vervara i anledning varav en s\u00e5 f\u00f6ljande fullmakt uppl\u00e4stes: &#8221;Fullmakt f\u00f6r herr pastor J.P. Strandell att i mitt st\u00e4lle och \u00e5 mina v\u00e4gnar vara ordf\u00f6rande uti denna till i morgon den 2: juni utlysta allm\u00e4nna sockenst\u00e4mma med Ljusnarsbergs f\u00f6rsamling. Ljusnarsbergs kyrkoherdeg\u00e5rd, d. 1:a juni 1844. J.D Westholm&#8221;.<\/em><\/p>\n\n\n\n<p><br><em>\u00a72. Uppl\u00e4stes och godk\u00e4ndes och underskrves det \u00e5 sisth\u00e5llen allm\u00e4nna valborgsm\u00e4sso sockenst\u00e4mma f\u00f6rda protokoll.<\/em><\/p>\n\n\n\n<p><em><br>\u00a73. F\u00f6redrogs avkortningsl\u00e4ngden \u00e5 kronor\u00e4ntorna f\u00f6r f\u00f6rlidet \u00e5r, uppl\u00e4stes och, utan anm\u00e4rkning befunnen, underskrevs.<\/em><\/p>\n\n\n\n<p><em><br>\u00a74. Underst\u00e5lles f\u00f6rsamlingens ompr\u00f6vande herrar apotekaren J. Widgrens i Nora och C.O Hammarstr\u00f6ms i Lindesberg gjorda anbud att ehuru p\u00e5 olika grunder, tillhandah\u00e5lla f\u00f6rsamlingen medikamenter. Dessa herrars s\u00e4rskilda anf\u00f6randen uppl\u00e4stes nu varav inh\u00e4mtades det (..) Widgren erbj\u00f6d sig att kostnadsfritt fr\u00e5n Nora med skjuts \u00f6ver(..) avs\u00e4nda icke allenast de medikamenter som av herr doktor Roth, vid hans bes\u00f6k h\u00e4rst\u00e4des, ordineras utan \u00e4ven de medicinalier, som av enskilda personer rekvireras. (..) Hammarstr\u00f6m (\u2026,\u2026) sig vara s\u00e5 v\u00e4l av bem\u00e4lda herr doktor som ock av flera utav f\u00f6rsamlingens ledam\u00f6ter anmodad att h\u00e4r p\u00e5 st\u00e4llet och \u00e5 de dagar, som herr doktorn h\u00e4r \u00e4r n\u00e4rvarande, tillhandah\u00e5lla medikamenter, och anh\u00e5ller att detta uppdrag \u00e5 allm\u00e4n sockenst\u00e4mma m\u00e5 vara av f\u00f6rsamlingen gillat. F\u00f6rsamlingens ledam\u00f6ter avgav h\u00e4rp\u00e5 det utl\u00e5tande det de icke kunde f\u00f6rmena n\u00e5gon av sockeninv\u00e5narna att fr\u00e5n de apotek vartill han hade st\u00f6rre f\u00f6rtroende, h\u00e4mta erforderliga l\u00e4kemedel. Likv\u00e4l ville de f\u00f6r (..) med tacksamhet emotta herr apotekaren Hammarstr\u00f6ms anbud att om han d\u00e4rtill finner sig befogad och s\u00e5 l\u00e4nge han d\u00e4rvid funno p\u00e5 sin r\u00e4kning, p\u00e5 st\u00e4llet avl\u00e4mna de medikamenter som herr doktor Roth vid sina bes\u00f6k h\u00e4r, ordinerar. D\u00e4remot ans\u00e5g herr apotekare Widgrens f\u00f6rslag om medicinaliers hitf\u00f6rskaffande f\u00f6rsorsaka en f\u00f6r de sjuka utan tvivel menlig tidsutdr\u00e4kt.<\/em><\/p>\n\n\n\n<p><em><br>\u00a75. F\u00f6rsamlingens pastor, herr kyrkoherden J.D Westholm l\u00e4t skriftligen am\u00e4la att handlanden herr J. \u00c5kergren vid Norra Bergsg\u00e5rden, medelst g\u00e4rdesg\u00e5rdsanl\u00e4ggning och l\u00e4ktgrind, utest\u00e4ngt hans boskap fr\u00e5n den v\u00e4ster om sj\u00f6n Ljusnaren bel\u00e4gna betesmark, d\u00e4r pr\u00e4stbordet enligt \u00e5beropade handlingar, fr\u00e5n ur\u00e5ldriga tider haft betesr\u00e4ttighet, i anledning h\u00e4rav herr kyrkoherden nu beg\u00e4rde f\u00f6rsamlingens medverkan till \u00e5tervinnande av den honom p\u00e5 detta s\u00e4tt ber\u00f6vade r\u00e4ttighet till betesmark f\u00f6r sina kreatur. F\u00f6rsamlingen tog denna sak i \u00f6verv\u00e4gande och efter h\u00e5llen \u00f6verl\u00e4ggning besl\u00f6ts herrar inspekt\u00f6ren A. Magnusson och E.G Bergman p\u00e5 Stj\u00e4rnfors, sexman Eric Jansson i Stenn\u00e4s, n\u00e4mndemannen E. Segelstr\u00f6m vid V\u00e4stra L\u00f6vfall, Eric Persson i Vilken och Jan Persson i Stora Sten skulle anmodas att n\u00e4stkommande tisdag infinna sig \u00e5 n\u00e4mnda st\u00e4lle f\u00f6r att h\u00e5lla unders\u00f6kning \u00e5 vilkas mark pastorsbost\u00e4llet hade sin betesr\u00e4tt uppl\u00e5ten, varefter f\u00f6rsamlingen ville vidta de \u00e5tg\u00e4rder som enligt sakens beskaffenhet kunna p\u00e5fordras.<\/em><\/p>\n\n\n\n<p><em><br>\u00a76. Nybyggaren Eric HAnsson vid Elgfall f\u00f6retr\u00e4dde och anh\u00f6ll hos f\u00f6rsamlinen n\u00e5got underst\u00f6d f\u00f6r sin dotter vilken troddes vara i fara att mista synf\u00f6rm\u00e5gan, under den tid, hon beh\u00f6vde vistas i H\u00e4llefors under herr doktor Roths n\u00e4rmare v\u00e5rd. F\u00f6r uppgivna \u00e4ndam\u00e5l erh\u00f6ll Eric Hansson f\u00f6rsamlingens l\u00f6fte om 2 Rd Banco till skjutspenningar att av sockenkassan utg\u00e5.<\/em><\/p>\n\n\n\n<p><em>S\u00e5lunda \u00f6verenskommet, beslutat intyga \u00e5 f\u00f6rsamlingens v\u00e4gnar,<br>J.P Strandell, komminister.<br>Eric Persson i Viken,<br>Jan Persson i Stora Sten<\/em><\/p>\n\n\n\n<p><em>Uppl\u00e4st i Ljusnarsbergs kyrka d. 7 juli 1844, av J.P Strandell.<\/em><\/p>\n","protected":false},"excerpt":{"rendered":"<p>Det tycks bl\u00e5sa till storm om betesr\u00e4tten v\u00e4ster om Ljusnaren, mellan handlanden och pastorn, d\u00e4r den f\u00f6rstn\u00e4mnde byggt g\u00e4rdesg\u00e5rd och st\u00e4ngt den senare ute&#8230; \u00c5r 1844 den 2:a juni h\u00f6lls efter d\u00e4rom i laga ordning skedd kung\u00f6relse fr\u00e5n predikstolen med tillk\u00e4nnagivande av \u00f6verl\u00e4ggnings\u00e4mnena, allm\u00e4n sockenst\u00e4mma med Ljusnarsbergs f\u00f6rsamling. \u00a71. Tillk\u00e4nnagav undertecknad komminister det f\u00f6rsamlingens pastor [&hellip;]<\/p>\n","protected":false},"author":1,"featured_media":886,"comment_status":"closed","ping_status":"closed","sticky":false,"template":"","format":"standard","meta":{"footnotes":""},"categories":[212,27,21],"tags":[226,225,169,224,39],"class_list":["post-883","post","type-post","status-publish","format-standard","has-post-thumbnail","hentry","category-212","category-boskap","category-sockenstammoprotokoll","tag-apotek","tag-betesratt","tag-boskap","tag-ljusnaren","tag-loka-brunn"],"_links":{"self":[{"href":"https:\/\/www.ljusnaren.se\/index.php\/wp-json\/wp\/v2\/posts\/883","targetHints":{"allow":["GET"]}}],"collection":[{"href":"https:\/\/www.ljusnaren.se\/index.php\/wp-json\/wp\/v2\/posts"}],"about":[{"href":"https:\/\/www.ljusnaren.se\/index.php\/wp-json\/wp\/v2\/types\/post"}],"author":[{"embeddable":true,"href":"https:\/\/www.ljusnaren.se\/index.php\/wp-json\/wp\/v2\/users\/1"}],"replies":[{"embeddable":true,"href":"https:\/\/www.ljusnaren.se\/index.php\/wp-json\/wp\/v2\/comments?post=883"}],"version-history":[{"count":2,"href":"https:\/\/www.ljusnaren.se\/index.php\/wp-json\/wp\/v2\/posts\/883\/revisions"}],"predecessor-version":[{"id":887,"href":"https:\/\/www.ljusnaren.se\/index.php\/wp-json\/wp\/v2\/posts\/883\/revisions\/887"}],"wp:featuredmedia":[{"embeddable":true,"href":"https:\/\/www.ljusnaren.se\/index.php\/wp-json\/wp\/v2\/media\/886"}],"wp:attachment":[{"href":"https:\/\/www.ljusnaren.se\/index.php\/wp-json\/wp\/v2\/media?parent=883"}],"wp:term":[{"taxonomy":"category","embeddable":true,"href":"https:\/\/www.ljusnaren.se\/index.php\/wp-json\/wp\/v2\/categories?post=883"},{"taxonomy":"post_tag","embeddable":true,"href":"https:\/\/www.ljusnaren.se\/index.php\/wp-json\/wp\/v2\/tags?post=883"}],"curies":[{"name":"wp","href":"https:\/\/api.w.org\/{rel}","templated":true}]}}