{"id":888,"date":"2025-02-10T16:48:09","date_gmt":"2025-02-10T16:48:09","guid":{"rendered":"https:\/\/www.ljusnaren.se\/?p=888"},"modified":"2025-04-27T18:45:43","modified_gmt":"2025-04-27T18:45:43","slug":"1844-06-16","status":"publish","type":"post","link":"https:\/\/www.ljusnaren.se\/index.php\/2025\/02\/10\/1844-06-16\/","title":{"rendered":"1844-06-16"},"content":{"rendered":"\n<p>Fr\u00e5gan om betesr\u00e4tt \u00e4r p\u00e5 v\u00e4g mot r\u00e4ttslig f\u00f6rhandling men st\u00e4mman hittar en pragmatisk l\u00f6sning. Samtidigt \u00e4r Maja Cajsa p\u00e5 Gustafsdahl \u00e5ter s\u00e4mre..<\/p>\n\n\n\n<h3 class=\"wp-block-heading\">\u00c5r 1844 den 16:e juni h\u00f6lls allm\u00e4n sockenst\u00e4mma med Ljusnarsbergs f\u00f6rsamling efter d\u00e4rom i vederb\u00f6rlig ordning, skedd kung\u00f6relse fr\u00e5n predikstolen och tillk\u00e4nnagivande av \u00e4mnena f\u00f6r \u00f6verl\u00e4ggningen.<\/h3>\n\n\n\n<p><em>\u00a71. Uppl\u00e4stes en s\u00e5 lydande fullmakt:<\/em><\/p>\n\n\n\n<p class=\"has-text-align-center\"><em><br>&#8221;Herr pastor J.P Strandell befullm\u00e4ktigas att i mitt st\u00e4lle vara ordf\u00f6rande uti den sockenst\u00e4mma som \u00e4r utlyst att med Ljusnarsbergs f\u00f6rsamling h\u00e5llas uti sockenstugan s\u00f6ndagen den 16:e juni 1844.<\/em><\/p>\n\n\n\n<p class=\"has-text-align-right\"><em><br>Ljusnarsberg d. 15:e juni 1844. J.D Westholm<\/em><\/p>\n\n\n\n<p class=\"has-text-align-right\"><\/p>\n\n\n\n<p><em>\u00a72. Uppl\u00e4stes, erk\u00e4ndes och underskrevs n\u00e4st f\u00f6reg\u00e5ende sockenst\u00e4mmoprotokoll.<\/em><\/p>\n\n\n\n<p><em>\u00a73. Uts\u00e5gs f\u00f6ljande elektorer vilka enligt HH. H\u00e4radsh\u00f6vdingen F. Welins denna dag fr\u00e5n kyrkans predikstol uppl\u00e4ste kung\u00f6relse, skola n\u00e4stkommande l\u00f6rdag, den 22:a i denna m\u00e5nad kl.10 f.m. f\u00f6rsamlas i Nora f\u00f6r att v\u00e4lja en riksdagsman av bondest\u00e5ndet f\u00f6r detta h\u00e4rad till den urtima riksdag som h\u00e5lles i Stockholm och tager sin b\u00f6rjan den 11:e n\u00e4stkommande juli d.\u00e5 &#8211; n\u00e4mligen:<br>Hemmans\u00e4garen Anders Gustaf Andersson vid Sandbacken<br>N\u00e4mndemannen Jan Persson vid Stora Sten och<br>N\u00e4mndemannen Eric Kronberg vid Lill\u00e4ng<\/em><\/p>\n\n\n\n<p><em><br>F\u00f6r dessa elektorer best\u00e4mdes ett arvode av 5 Rd Banco p\u00e5 person, vilket arvode skulle av byggnadskassan utg\u00e5. Vad sj\u00e4lva valet till riksdagsman betr\u00e4ffar, \u00f6nskade f\u00f6rsamlingens valber\u00e4ttigade ledam\u00f6ter det elektorerna f\u00f6renade sig med n\u00e5got annat h\u00e4rad om en gemensam riksdagsman.<\/em><\/p>\n\n\n\n<p><em>\u00a74. F\u00f6rekom \u00e5ter fr\u00e5gan om pastorsbost\u00e4llets betesr\u00e4tt p\u00e5 den vid och omkring orrk\u00e4rn bel\u00e4gna handlanden \u00c5kergren tillh\u00f6riga mark; uppl\u00e4stes en av bem\u00e4lda herr handlanden inl\u00e4mnad skrift, varuti han bestrider n\u00e4mnda bost\u00e4llesr\u00e4tt till dess kreaturs betning p\u00e5 omf\u00f6rm\u00e4lda mark, s\u00e5som best\u00e5emde av dels hemskog dels in\u00e4gor, samt f\u00f6rklarar, det han nu mera icke, mot vad betalning som helst, kan inga p\u00e5 n\u00e5gon betning i h\u00e4ndelse fr\u00e5ga d\u00e4rom skulle uppst\u00e5. Genom undertecknad komminister l\u00e4t kyrkoherden Westholm anm\u00e4la det han \u00f6nskade att f\u00f6rsamlingen enligt \u00e5tagande \u00e5r 1808, m\u00e5tte ansvara honom f\u00f6r bete \u00e5t hans kreatur och det under denna sommar och att r\u00e4tteg\u00e5ng om betesr\u00e4ttigheten icke v\u00e4ckes f\u00f6rr \u00e4n vid n\u00e4stkomande h\u00f6stting, d\u00e5 f\u00f6rsamlingen om den s\u00e5 f\u00f6r gottfinner, den f\u00f6rinnan m\u00e5 utv\u00e4lja en fullm\u00e4ktig, som denna r\u00e4tteg\u00e5ng utf\u00f6r. De flesta av f\u00f6rsamlingens n\u00e4rvarande ledam\u00f6ter voro \u00e5ter av tanken att en r\u00e4tteg\u00e5ng om pastorsbost\u00e4llets betesr\u00e4tt p\u00e5 ofta n\u00e4mnda mark, skulle till intet tj\u00e4na, en\u00e4r endast bergslagets d\u00e5 varande fullm\u00e4ktige underskrivit det av herr kyrkoherden \u00e5beropade dokumentet ang\u00e5ende kyrkoherdebordets bete. Efter h\u00e5llen \u00f6verl\u00e4ggning, varunder s\u00e4rskilda ledam\u00f6ter framst\u00e4llde i denna sak flera olika f\u00f6rslag, ibland vilka m\u00e5 n\u00e4mnas att l\u00e5ta uppr\u00f6ja den i Ljusnarn bel\u00e4gna pr\u00e4stbordet tillh\u00f6riga \u00f6n att d\u00e4r m\u00e5tte bli tillr\u00e4ckligt bete eller och f\u00f6r detta \u00e4ndam\u00e5l ink\u00f6pa n\u00e5gon d\u00e4r till tj\u00e4nlig mark, stannade f\u00f6rsamlingen f\u00f6r denna g\u00e5ng i det beslut att med postm\u00e4staren herr C. Carlberg p\u00e5 Konstdammen tr\u00e4ffa \u00f6verenskommelse om bete f\u00f6r kyrkoherdens kreatur \u00e5tminstone under denna sommar. Herr postm\u00e4staren, nu sj\u00e4lv n\u00e4rvarande, f\u00f6rklarade sig h\u00e4rtill villig, varf\u00f6r f\u00f6rsamlingen med honom \u00f6verenskom att han mot 20 Rd Rgs ssom av sockenkassan borde utg\u00e5, skulle detta \u00e5r uppl\u00e5ta sin (\u2026) kyrkoherdebordets f\u00e4bodar \u00e4gande mark till betning av kyrkoherdens boskap och lovade herr postm\u00e4staren att ock f\u00f6r n\u00e4stkommande och till \u00e4ventyrs \u00e4ven f\u00f6r det d\u00e4rp\u00e5 f\u00f6ljande \u00e5ret, s\u00e5 framt icke denna obehagliga sak p\u00e5 annat s\u00e4tt dess f\u00f6r innan var uppgjort, mot ovann\u00e4mnda \u00e5rliga ers\u00e4ttning tillhandah\u00e5lla f\u00f6rsamlingens pastor bete \u00e5t dess kreatur.<\/em><\/p>\n\n\n\n<p><em>\u00a75. Underr\u00e4ttades f\u00f6rsamlingen att landbonden Anders Janssons vid Gustafsdahl dotter Maja Cajsa nu \u00e5ter f\u00e5tt ett sv\u00e5rt anfall av sinnesvaghet. F\u00f6rsamlingen som nu med henne ingen annan utv\u00e4g vara \u00f6vrig, \u00e4n att l\u00e5ta avf\u00f6ra henne till l\u00e4nets lasarett, f\u00f6r att \u00e5nyo underg\u00e5 kur och sedermera ifall hennes vansinnighet skulle befinnas obotlig inl\u00f6sa henne f\u00f6r livstiden p\u00e5 Vadstena hospital. Emellertid och intill dess svar henne ankomma om rum \u00e5t henne vore ledigt \u00e5 lasarettet, skulle fadern erh\u00e5lla 23 S Rgs f\u00f6r varje dygn mot skyldighet av noggrann tillsyn d\u00e4r\u00f6ver att hans olyckliga dotter gjorde varken sig sj\u00e4lv eller andra n\u00e5gon skada.<\/em><\/p>\n\n\n\n<p><em>S\u00e5lunda valt, \u00f6verenskommet och beslutat samt uppl\u00e4st och erk\u00e4nt intyga \u00e5 f\u00f6rsamlingens v\u00e4gnar,<br>J.P Strandell. Komminister och tillf\u00f6rordnad ordf\u00f6rande<\/em><\/p>\n\n\n\n<p><em>Vid justeringen av detta protokoll anm\u00e4rktes av herr inspekt\u00f6r Bergman p\u00e5 Stj\u00e4rnfors att arvodet f\u00f6r elektorerna ej borde av byggnadskassan utg\u00e5, utan p\u00e5 samma grunder, p\u00e5 vilka riksdagsmannaarvodet f\u00f6r bondest\u00e5ndet utg\u00e5r.<\/em><\/p>\n\n\n\n<p><em>E. G Bergman<br>Jan Jansson i Viktorp<br>Eric Ers \u00e5 B\u00e4cketorp<\/em><\/p>\n\n\n\n<p><em>Uppl\u00e4st i Ljusnarsbergs kyrka d. 7:e juli 1844<\/em><\/p>\n","protected":false},"excerpt":{"rendered":"<p>Fr\u00e5gan om betesr\u00e4tt \u00e4r p\u00e5 v\u00e4g mot r\u00e4ttslig f\u00f6rhandling men st\u00e4mman hittar en pragmatisk l\u00f6sning. Samtidigt \u00e4r Maja Cajsa p\u00e5 Gustafsdahl \u00e5ter s\u00e4mre.. \u00c5r 1844 den 16:e juni h\u00f6lls allm\u00e4n sockenst\u00e4mma med Ljusnarsbergs f\u00f6rsamling efter d\u00e4rom i vederb\u00f6rlig ordning, skedd kung\u00f6relse fr\u00e5n predikstolen och tillk\u00e4nnagivande av \u00e4mnena f\u00f6r \u00f6verl\u00e4ggningen. \u00a71. Uppl\u00e4stes en s\u00e5 lydande fullmakt: [&hellip;]<\/p>\n","protected":false},"author":1,"featured_media":889,"comment_status":"closed","ping_status":"closed","sticky":false,"template":"","format":"standard","meta":{"footnotes":""},"categories":[212,27,21],"tags":[111,225,166,57],"class_list":["post-888","post","type-post","status-publish","format-standard","has-post-thumbnail","hentry","category-212","category-boskap","category-sockenstammoprotokoll","tag-akergren","tag-betesratt","tag-gustafsdahl","tag-vansinne"],"_links":{"self":[{"href":"https:\/\/www.ljusnaren.se\/index.php\/wp-json\/wp\/v2\/posts\/888","targetHints":{"allow":["GET"]}}],"collection":[{"href":"https:\/\/www.ljusnaren.se\/index.php\/wp-json\/wp\/v2\/posts"}],"about":[{"href":"https:\/\/www.ljusnaren.se\/index.php\/wp-json\/wp\/v2\/types\/post"}],"author":[{"embeddable":true,"href":"https:\/\/www.ljusnaren.se\/index.php\/wp-json\/wp\/v2\/users\/1"}],"replies":[{"embeddable":true,"href":"https:\/\/www.ljusnaren.se\/index.php\/wp-json\/wp\/v2\/comments?post=888"}],"version-history":[{"count":3,"href":"https:\/\/www.ljusnaren.se\/index.php\/wp-json\/wp\/v2\/posts\/888\/revisions"}],"predecessor-version":[{"id":892,"href":"https:\/\/www.ljusnaren.se\/index.php\/wp-json\/wp\/v2\/posts\/888\/revisions\/892"}],"wp:featuredmedia":[{"embeddable":true,"href":"https:\/\/www.ljusnaren.se\/index.php\/wp-json\/wp\/v2\/media\/889"}],"wp:attachment":[{"href":"https:\/\/www.ljusnaren.se\/index.php\/wp-json\/wp\/v2\/media?parent=888"}],"wp:term":[{"taxonomy":"category","embeddable":true,"href":"https:\/\/www.ljusnaren.se\/index.php\/wp-json\/wp\/v2\/categories?post=888"},{"taxonomy":"post_tag","embeddable":true,"href":"https:\/\/www.ljusnaren.se\/index.php\/wp-json\/wp\/v2\/tags?post=888"}],"curies":[{"name":"wp","href":"https:\/\/api.w.org\/{rel}","templated":true}]}}