{"id":902,"date":"2025-02-10T18:01:23","date_gmt":"2025-02-10T18:01:23","guid":{"rendered":"https:\/\/www.ljusnaren.se\/?p=902"},"modified":"2025-04-27T18:45:43","modified_gmt":"2025-04-27T18:45:43","slug":"1844-08-04","status":"publish","type":"post","link":"https:\/\/www.ljusnaren.se\/index.php\/2025\/02\/10\/1844-08-04\/","title":{"rendered":"1844-08-04"},"content":{"rendered":"\n<p>Pr\u00e4stbost\u00e4llena ska besiktigas av domprosten och bergsfogden A. Westling har g\u00e5tt ur tiden&#8230;<\/p>\n\n\n\n<h3 class=\"wp-block-heading\">\u00c5r 1844 den 4 augusti h\u00f6lls med Ljusnarsbergs f\u00f6rsamling allm\u00e4n sockenst\u00e4mma efter d\u00e4rom 14 dagar f\u00f6rut skedd p\u00e5lysning med tillk\u00e4nnagivande av \u00f6verl\u00e4ggnings \u00e4mnena<\/h3>\n\n\n\n<p><em>\u00a71. Till fullm\u00e4ktige, vilka det \u00e5ligger att f\u00f6rsamlingens v\u00e4gnar \u00f6vervara de ekonomiska besiktningar som den 4:e n\u00e4stkommande september komma att h\u00e5llas \u00e5 kyrkoherde-, komminister- och klockarbost\u00e4llena av herr kontraktsprosten och kronofogden i orten, valdes herr inspekt\u00f6r A. Magnusson p\u00e5 Stj\u00e4rnfors och n\u00e4mndeman Eric Persson i Viken.<\/em><\/p>\n\n\n\n<p><em><br>\u00a7. Tillk\u00e4nnagav pastor att sedan numera bergsfogden A. Westling p\u00e5 Bj\u00f6rsarv med d\u00f6den avg\u00e5tt f\u00f6rsamlingen f\u00f6r n\u00e4rvarande icke \u00e4gde n\u00e5gon vaccinationf\u00f6rest\u00e5ndare varf\u00f6r nu f\u00f6rsamlingen uppmanades att i de avg\u00e5ngnas st\u00e4lle v\u00e4lja tvenne nya vaccinationsf\u00f6rest\u00e5ndare och valdes d\u00e4rtill herr postm\u00e4stare Claes Carlberg p\u00e5 Konstdammen och herr kass\u00f6r Johan Adler p\u00e5 Kyrkbacken.<\/em><\/p>\n\n\n\n<p><em>S\u00e5lunda valt, \u00f6verenskommet, uppl\u00e4st och erk\u00e4nt betyga \u00e5 f\u00f6rsamlingens v\u00e4gnar,<br>J.D Westholm, pastor<br>A Magnusson<\/em><\/p>\n\n\n\n<p><\/p>\n","protected":false},"excerpt":{"rendered":"<p>Pr\u00e4stbost\u00e4llena ska besiktigas av domprosten och bergsfogden A. Westling har g\u00e5tt ur tiden&#8230; \u00c5r 1844 den 4 augusti h\u00f6lls med Ljusnarsbergs f\u00f6rsamling allm\u00e4n sockenst\u00e4mma efter d\u00e4rom 14 dagar f\u00f6rut skedd p\u00e5lysning med tillk\u00e4nnagivande av \u00f6verl\u00e4ggnings \u00e4mnena \u00a71. Till fullm\u00e4ktige, vilka det \u00e5ligger att f\u00f6rsamlingens v\u00e4gnar \u00f6vervara de ekonomiska besiktningar som den 4:e n\u00e4stkommande september komma [&hellip;]<\/p>\n","protected":false},"author":1,"featured_media":323,"comment_status":"closed","ping_status":"closed","sticky":false,"template":"","format":"standard","meta":{"footnotes":""},"categories":[212,30,21],"tags":[230,231,233,232],"class_list":["post-902","post","type-post","status-publish","format-standard","has-post-thumbnail","hentry","category-212","category-kyrkan","category-sockenstammoprotokoll","tag-besiktning","tag-bostalle","tag-komminister","tag-pastor"],"_links":{"self":[{"href":"https:\/\/www.ljusnaren.se\/index.php\/wp-json\/wp\/v2\/posts\/902","targetHints":{"allow":["GET"]}}],"collection":[{"href":"https:\/\/www.ljusnaren.se\/index.php\/wp-json\/wp\/v2\/posts"}],"about":[{"href":"https:\/\/www.ljusnaren.se\/index.php\/wp-json\/wp\/v2\/types\/post"}],"author":[{"embeddable":true,"href":"https:\/\/www.ljusnaren.se\/index.php\/wp-json\/wp\/v2\/users\/1"}],"replies":[{"embeddable":true,"href":"https:\/\/www.ljusnaren.se\/index.php\/wp-json\/wp\/v2\/comments?post=902"}],"version-history":[{"count":3,"href":"https:\/\/www.ljusnaren.se\/index.php\/wp-json\/wp\/v2\/posts\/902\/revisions"}],"predecessor-version":[{"id":905,"href":"https:\/\/www.ljusnaren.se\/index.php\/wp-json\/wp\/v2\/posts\/902\/revisions\/905"}],"wp:featuredmedia":[{"embeddable":true,"href":"https:\/\/www.ljusnaren.se\/index.php\/wp-json\/wp\/v2\/media\/323"}],"wp:attachment":[{"href":"https:\/\/www.ljusnaren.se\/index.php\/wp-json\/wp\/v2\/media?parent=902"}],"wp:term":[{"taxonomy":"category","embeddable":true,"href":"https:\/\/www.ljusnaren.se\/index.php\/wp-json\/wp\/v2\/categories?post=902"},{"taxonomy":"post_tag","embeddable":true,"href":"https:\/\/www.ljusnaren.se\/index.php\/wp-json\/wp\/v2\/tags?post=902"}],"curies":[{"name":"wp","href":"https:\/\/api.w.org\/{rel}","templated":true}]}}