{"id":906,"date":"2025-02-11T15:15:01","date_gmt":"2025-02-11T15:15:01","guid":{"rendered":"https:\/\/www.ljusnaren.se\/?p=906"},"modified":"2025-04-27T18:45:43","modified_gmt":"2025-04-27T18:45:43","slug":"1844-08-25","status":"publish","type":"post","link":"https:\/\/www.ljusnaren.se\/index.php\/2025\/02\/11\/1844-08-25\/","title":{"rendered":"1844-08-25"},"content":{"rendered":"\n<p>Fattigreglementet har uppdaterats med h\u00e5rdare regler vilket torde slagit h\u00e5rt mot de fattiga och Strandell ska flytta till By, Dalarna&#8230;<\/p>\n\n\n\n<h3 class=\"wp-block-heading\">Protokoll f\u00f6rt vid sockenst\u00e4mman den 25:e augusti 1844 med Ljusnarsbergs f\u00f6rsamling.<\/h3>\n\n\n\n<p><em>\u00a71. Efter d\u00e4rom fjorton dagar f\u00f6rut skedd p\u00e5lysning med tillk\u00e4nnagivande av de till \u00f6verl\u00e4ggning f\u00f6rekommande \u00e4mnen voro nu f\u00f6rsamlingens ledam\u00f6ter t\u00e4mligen talrikt f\u00f6rsamlade. Sockenst\u00e4mman \u00f6ppnades nu d\u00e4rmed att pastor tillk\u00e4nnagav , det de herrar och ledam\u00f6ter inom f\u00f6rsamlingen, vilka \u00e5 sist h\u00e5llna valborgsm\u00e4ss sockenst\u00f6mma blev valda och anmodade att uppg\u00f6ra f\u00f6rslag till nytt fattigreglemente f\u00f6r denna, Ljusnarsbergs f\u00f6rsamling, hade den 7:e i denna m\u00e5nad haft sitt sammantr\u00e4de i \u00e4ndam\u00e5l att fullg\u00f6ra det dem s\u00e5lunda givna viktiga och grannlaga uppdrag.<\/em><br><em>Det vid n\u00e4mnda sammantr\u00e4de f\u00f6rda protokoll j\u00e4mte de av \u00e5tskilliga bland kommitt\u00e9ns ledam\u00f6ter uppr\u00e4ttade skriftliga f\u00f6rslag till f\u00f6r\u00e4ndrat fattigreglementer uppl\u00e4stes; varefter pastor uppmanade sockenm\u00e4nnen att yttra sig \u00f6ver l\u00e4mpligheten av de r\u00f6rande fattigf\u00f6rs\u00f6rjningen f\u00f6reslagna f\u00f6r\u00e4ndringarna och hemst\u00e4llde om icke f\u00f6rsamlingen ville f\u00f6reta sig att punkt f\u00f6r punkt genomg\u00e5 och utl\u00e5ta sig \u00f6ver de utarbetade olika f\u00f6rslagen.<\/em><br><em>F\u00f6rsamlingens ledam\u00f6ter f\u00f6rklarade, under betygande av sin tacksamhet till de kommitt\u00e9rade f\u00f6r deras nitfulla bem\u00f6danden att \u00e5stadkomma n\u00e5gon f\u00f6rb\u00e4ttring i avseende p\u00e5 fattigf\u00f6rs\u00f6rjningen inom socken, att de skulle bliva icke blatt allt f\u00f6r mycket tids\u00f6dande utan \u00e4ven, i avseende till stridiga tankar som i avseende p\u00e5 de olika f\u00f6rslagen yppat sig, vara \u00e4ndam\u00e5lsl\u00f6st f\u00f6reta sig en s\u00e5 noggrann granskning som den pastor f\u00f6reslaget, utan troddes vara tillr\u00e4ckligt yttra sig \u00f6ver de beslut, vilka inom fattigkommitt\u00e9n blivit av pluraliteten fattde och uti det d\u00e4r\u00f6ver f\u00f6rda, samt i fattigv\u00e5rdens protokollsbok inf\u00f6rda, protokoll omf\u00f6rm\u00e4ler.<\/em><\/p>\n\n\n\n<p><em><br>Efter en noggrann pr\u00f6vning av dessa beslut f\u00f6rklarades och besl\u00f6ts:<\/em><\/p>\n\n\n\n<ol class=\"wp-block-list\">\n<li><em>Att fattigf\u00f6rs\u00f6rjningen skulle \u00e4nnu, \u00e5tminstone ett \u00e5r, bestridas gemensamt av hela f\u00f6rsamlingen p\u00e5 s\u00e4tt hittills i flera \u00e5r skett<\/em>.<\/li>\n\n\n\n<li><em>Att vid den \u00e5rliga fattigregleringen skulle d\u00e4r\u00f6ver noga hand h\u00e5llas att icke underst\u00f6d beviljades \u00e5t andra fattiga \u00e4n s\u00e5dana, som d\u00e4rav vore uti oundg\u00e4ngligt behov, och \u00e5t dessa icke till st\u00f6rre belopp \u00e4n som vore av n\u00f6den.<\/em><\/li>\n\n\n\n<li><em> Att till f\u00f6rebyggande av underh\u00e5lls beviljande \u00e5t personer, som icke \u00e4ro verkligt beh\u00f6vande, skulle det \u00e5ligga uppsyningsm\u00e4nnen inom skriftlagen att var och en inom sitt skriftlag taga noga k\u00e4nnedom vilka underh\u00e5llsbeh\u00f6vande d\u00e4r finnes, skriftligen hos den ledamot i sockenn\u00e4mnden till vilket distrikt skriftlaget h\u00f6rde anm\u00e4la dessa fattiga och deras omst\u00e4ndigheter; vilka skriftliga anm\u00e4landen b\u00f6ra av uppsyningsm\u00e4nnen till beh\u00f6rig ledamot sockenn\u00e4mnds \u00e5rligen avl\u00e4mnas i augusti m\u00e5nad.<\/em><\/li>\n\n\n\n<li><em>Skulle varje sockenn\u00e4mndsledamot sedan han erh\u00e5llit de uti f\u00f6reg\u00e5ende 3 mom omn\u00e4mnda uppgifter av uppsyningsm\u00e4nnen, g\u00f6ra sig f\u00f6rvissad om tillf\u00f6rlitligheten av de anm\u00e4landen han fr\u00e5n uppsyningsm\u00e4nnen f\u00e5tt emotta.<\/em><\/li>\n\n\n\n<li><em>S\u00e5som f\u00f6ljd av de tvenne n\u00e4st f\u00f6reg\u00e5ende momenten stadgades, att alla ledam\u00f6terna uti sockenn\u00e4mnden och alla skriftlagens uppsyningsm\u00e4n \u00e4ro ledam\u00f6ter i fattigv\u00e5rden och b\u00f6ra ovillkorligen vara n\u00e4rvarande vid fattigregleringen samvetsgrant uppgiva distriktets fattighjon och f\u00f6resl\u00e5 den fattigdel, som f\u00f6r varje av dessa anses vara beh\u00f6vlig.<\/em><\/li>\n\n\n\n<li><em>Fattigdel skulle icke ansl\u00e5s \u00e5t n\u00e5gon, som icke till erh\u00e5llande d\u00e4rav vore av vederb\u00f6rande sockenn\u00e4mndsledamot och uppsyningsman anm\u00e4ld.<\/em><\/li>\n\n\n\n<li><em>Anm\u00e4ler och rekommenderar sockenn\u00e4mndsledamot eller uppsyningsman till underh\u00e5ll n\u00e5gon som d\u00e4rav icke vore i verkligt behov, skall det \u00e5ligga den genom vilkens f\u00f6rord det beh\u00f6vliga underst\u00f6det blivit beviljat till fattigv\u00e5rdskassan \u00e5terg\u00e4lda vad s\u00e5lunda av n\u00e4mnda kassa blivit utbetalt.<\/em><\/li>\n\n\n\n<li><em>Fattighjon som \u00f6nskar komma i \u00e5tnjutande av fattigdel eller erh\u00e5lla tillf\u00e4llig hj\u00e4lp, b\u00f6r sj\u00e4lv eller genom sin n\u00e4rmaste omgivning anm\u00e4la sitt behov hos skriftlagets uppsyningsman och tillika hos pastor, s\u00e5som fattigv\u00e5rdens ordf\u00f6rande. Uppsyningsmannen \u00e5liggerd\u00e5 att, i enlighet med vad uti f\u00f6reg\u00e5ende trenne moment finnes stadgat, anm\u00e4la den fattiges beg\u00e4ran och behov hos vederb\u00f6rande ledamot av sockenn\u00e4mnden. Pastor \u00e4ger att efter sig f\u00f6reteende omst\u00e4ndigheter sammankalla fattigv\u00e5rden eller lysa sockenst\u00e4mma och andraga den n\u00f6dlidandes beg\u00e4ran om underst\u00f6d. S\u00e5 vid fattigv\u00e5rdens sammantr\u00e4de som ock vid sockenst\u00e4mman \u00e4ro uppsyningsmannen och sockenn\u00e4mndsledamotens, inom vilken skriftlag och distrikt den fattige bor, pliktiga att vara tillst\u00e4des och meddela erforderliga upplysningar om den fattiges tillst\u00e5nd och behov.<\/em><\/li>\n\n\n\n<li><em>F\u00f6rmenar fattighjon sig hava otillb\u00f6rligen blivit v\u00e4grad n\u00f6digt uppeh\u00e4lle och v\u00e5rd, vare sig genom vederb\u00f6rande uppsyningsmans eller sockenn\u00e4mndsledamots f\u00f6rsummelse eller partiska anm\u00e4lan \u00e4ger det att sin f\u00f6rmenta lidna or\u00e4ttvisa hos pastor tillk\u00e4nnagiva, vilken d\u00e5 kallar f\u00f6rsamlingen till allm\u00e4n sockenst\u00e4mma och inf\u00f6r den samma andrager de anf\u00f6rda besv\u00e4ren. Sockenst\u00e4mman avg\u00f6r och beslutar om besv\u00e4rens giltighet. I h\u00e4ndelse av befogenhet \u00f6verklagas sockenst\u00e4mmans beslut hos konungens befallningshavande inom den tid lag f\u00f6reskriver.<\/em><\/li>\n\n\n\n<li><em>Allt vad ordinarii fattighjon nu \u00e4ger eller framdeles genom arv erh\u00e5ller skall tillfalla fattigv\u00e5rdskassan. \u00c5liggandes det uppsyningsmannen, att bitr\u00e4dd av vederb\u00f6rande sockenn\u00e4mndsledamot eller den an i sitt st\u00e4lle anmodar, noga anteckna och v\u00e4rdera fattighjonets alla tillh\u00f6righeter, samt denna f\u00f6rteckning f\u00f6rdensammeligen till fattigf\u00f6rest\u00e5ndaren \u00f6verl\u00e4mna. Varefter det tillkommer fattigv\u00e5rden att pr\u00f6va och besluta vilka den fattiges tillh\u00f6righeter genast och vilka f\u00f6rst efter fattighjonets d\u00f6d kunna \u00e5 \u00f6ppen auktion f\u00f6rs\u00e4ljas och fattigv\u00e5rdskassan tillgodokom<\/em><\/li>\n<\/ol>\n\n\n\n<p><em>Om vad s\u00e5lunda f\u00f6rn\u00e4mligaste i st\u00f6d av fattigkommitt\u00e9ns omf\u00f6rm\u00e4lda protokoll blivit h\u00e4r ovan stadgat j\u00e4mte vad f\u00f6r \u00f6vrigt uti \u00e4nnu g\u00e4llande fattigreglemente (\u2026) i allo efterlevdes, hyste man den f\u00f6rhoppning att fattigv\u00e5rden framdeles icke skulle f\u00f6r f\u00f6rsamlingen bliva s\u00e5 betungande, som den hittills varit.<\/em><br><em>F\u00f6r \u00f6vrigt besl\u00f6ts att de av vissa ledam\u00f6ter inom fattigkommitt\u00e9n utarbetade skriftliga f\u00f6rslag till f\u00f6r\u00e4ndrat fattigreglemente skulle vid slutet av denna protokollsbok inf\u00e4stas, f\u00f6r att vid m\u00f6jligen \u00e5nyo v\u00e4ckt fr\u00e5ga om f\u00f6r\u00e4ndring i avseende p\u00e5 fattigf\u00f6rs\u00f6rjningen tj\u00e4na till ledning.<\/em><\/p>\n\n\n\n<p><br><em>\u00a72. Pastor tillk\u00e4nnagav att pastor Strandell, som vunnit transportbefordran till By Sacellanie, dit han tillf\u00f6lje av M.V Consistorii tills\u00e4gelse borde of\u00f6rdr\u00f6jligen avflytta, icke l\u00e4ngre kunde vara ordf\u00f6rande inom h\u00e4rvarande sockenn\u00e4mnd, vadan f\u00f6rsamlingen uppmanades att i den snart bortflyttande pastor Strandells st\u00e4lle v\u00e4lja ny ordf\u00f6rande f\u00f6r sockenn\u00e4mnden.<br>Och till f\u00f6rsamlingens val p\u00e5 herr patron P.J Lundbom vid L\u00f6vn\u00e4s, vilken till f\u00f6rene i en f\u00f6ljd av \u00e5r och till f\u00f6rsamlingens b\u00e5tnad och fullkomliga n\u00f6je varit ordf\u00f6rande uti den numera uppl\u00f6sta byggnadsdirektionen.<\/em><\/p>\n\n\n\n<p><em>\u00a73. Herr inspekt\u00f6r A. Magnusson fr\u00e5n Stj\u00e4rnfors uppsteg och, med anledning av pastors tillk\u00e4nnagivande att herr komminister Strandell snart komma att fr\u00e5n f\u00f6rsamlingen avflytta, f\u00f6reslog att f\u00f6rsamlingen borde till den \u00e4lskade bortg\u00e5ende l\u00e4raren f\u00f6r\u00e4ra ett eller tv\u00e5hundra Rd Rgs ut ur byggnadskassan till flyttningshj\u00e4lp och dessutom d\u00e5 han komma att h\u00e5lla sin avskedspredikan l\u00e5ta honom efter vad pl\u00e4gar \u00f6vligt vara vid s\u00e5dana tillf\u00e4llen, uppb\u00e4ra en avskedskollekt. P\u00e5 denna framst\u00e4llning svarades enh\u00e4lligt att den f\u00f6reslagna kollekten beviljad; men vad f\u00f6rslaget att ut ur byggnadskassan l\u00e4mna n\u00e5gon flyttningshj\u00e4lp vidkom, f\u00f6rklarade en del bergsm\u00e4n och hemmans\u00e4gare att de helt nyligen under loppet av denna sommar frivilligt och av gott hj\u00e4rta gjort ett icke obetydligt sammanskott till ink\u00f6p av de silverpj\u00e4ser, som midsommardagen f\u00f6r\u00e4rades f\u00f6rsamlingens pr\u00e4sterskap, s\u00e5 komminister som kyrkoherden och att de s\u00e5ledes nu icke kunde f\u00f6r sin del icke bifalla att byggnadskassan betungades med denna avgift; varemot de yttrade den f\u00f6rmodan att de som icke deltagit uti omn\u00e4mnda insamling nu icke skulle underl\u00e5ta att visa \u00e4ven sin v\u00e4lvilja f\u00f6r herr pastor Strandell.<br>I sammanhang h\u00e4rmed anm\u00e4lde ordf\u00f6randen att han hade sig bekant att pastor Strandell d\u00e5 han tilltr\u00e4dde komministersysslan h\u00e4rst\u00e4des hade av d\u00e5 avtr\u00e4dande komminister Roman inl\u00f6st trenne (\u2026) innanf\u00f6nster f\u00f6r 10 Rgs Banco och en s\u00e4des- eller mj\u00f6ll\u00e5r f\u00f6r 8 Rgs Banco varf\u00f6r nu hemst\u00e4lldes f\u00f6rsamlingens bepr\u00f6vande om icke vore billigt att dessa persedlar, s\u00e5 v\u00e4l som innanf\u00f6nstren som ock mj\u00f6l eller s\u00e4desl\u00e5rarna av f\u00f6rsamlingen inl\u00f6stes till ett f\u00f6r framtiden blivande inventarium vid Kapellansg\u00e5rden. F\u00f6rsamlingen medgav detta och besl\u00f6t att f\u00f6r omn\u00e4mnde innanf\u00f6nster och l\u00e5rar skulle herr pastor Strandell av byggnadskassan erh\u00e5lla aderton\/18\/ Rgs Banco.<\/em><\/p>\n\n\n\n<p><em>Slutligen tillk\u00e4nnagavs att detta protokoll komma att justeras fjorton dagar till dag.<\/em><\/p>\n\n\n\n<p><em>S\u00e5lunda \u00f6verenskommet och beslutat, uppl\u00e4st och erk\u00e4nt betyga \u00e5 f\u00f6rsamlingens v\u00e4gnar,<br>J.D Westholm, ordf pastor<\/em><\/p>\n\n\n\n<p><em>Uppl\u00e4st fr\u00e5n Ljusnarsbergs predikstol d 17 november 1844 av J.D Westholm<\/em><\/p>\n\n\n\n<h2 class=\"wp-block-heading\">Kommentar<\/h2>\n\n\n\n<p><\/p>\n\n\n\n<h4 class=\"wp-block-heading\">Fattigreglementet<\/h4>\n\n\n\n<p>Den allt h\u00e5rdare tonen i fattigreglementet \u00e4r gissningsvis f\u00f6ranledd av den svaga konjunkturen i bergshanteringen och den allt mer \u00f6kande fattiga befolkningen. Under dessa \u00e5r var 45-50% av befolkningen i Ljusnarberg inte sj\u00e4lvf\u00f6rs\u00f6rjande och beh\u00f6vde st\u00f6d f\u00f6r sin \u00f6verlevnad.<\/p>\n\n\n\n<h4 class=\"wp-block-heading\">Den avflyttande komministern<\/h4>\n\n\n\n<p>Komminister J.P Strandell har allts\u00e5 blivit befordrad till By <em>Sacellani<\/em>, vilket h\u00e4nvisar till By socken, n\u00e5got norr om Avesta (och idag tillh\u00f6rig Avesta kommun), samt som kaplan (<em>sacellani<\/em> ungef\u00e4r kapellf\u00f6rsamlingens pr\u00e4st; kaplan). Familjen Strandell flyttar den 1844-10-16 och best\u00e5r av <\/p>\n\n\n\n<p>Johan Per Strandell (f: 1799), hustrun Anna Maria Frumerie (f: 1810-10-04) och barnen Carl Justus (f. 1831), Hilda Charlotta (f:1833), Knut Johan Salomon (f:1836), Robert Michael (f:1839), Emelie Augusta (f:1840) och Joseph Oscar (f:1842)<\/p>\n\n\n\n<p>Den som befordrat honom h\u00e4nvisas av pastor Westholm till M.V Consistorii, vilket \u00e4r f\u00f6rkortning av &#8221;<em>Maxime Venerandi Consistorii<\/em>&#8221; och avser biskopen aom var den mest v\u00f6rdade av konsistoriet och f\u00f6r att markera att han var konsistoriets chef och h\u00f6gst i rang, till skillnad fr\u00e5n de \u00f6vriga medlemmarna som endast var professorer och prostar\/kyrkoherdar. <\/p>\n\n\n\n<h4 class=\"wp-block-heading\">Fr\u00e5gan om flyttningshj\u00e4lp och midsommarpresenten&#8230;<\/h4>\n\n\n\n<p>Bergsm\u00e4nnens och hemmans\u00e4garna som h\u00e4nvisar till sin tidigare present till pr\u00e4sterskapet tycks inte kunna l\u00e5ta bli att betona att de \u00f6vriga som uppenbarligen inte var med p\u00e5 midsommarpresenten, \u00e4nd\u00e5 inte b\u00f6r underl\u00e5ta sig att ordna en egen insamling f\u00f6r Strandell. Jag tolkar roat att sticket kommer ur att de var tillfr\u00e5gade om att vara med p\u00e5 silverpj\u00e4serna, men d\u00e5 inte ville vara med.<\/p>\n\n\n\n<p><\/p>\n","protected":false},"excerpt":{"rendered":"<p>Fattigreglementet har uppdaterats med h\u00e5rdare regler vilket torde slagit h\u00e5rt mot de fattiga och Strandell ska flytta till By, Dalarna&#8230; Protokoll f\u00f6rt vid sockenst\u00e4mman den 25:e augusti 1844 med Ljusnarsbergs f\u00f6rsamling. \u00a71. Efter d\u00e4rom fjorton dagar f\u00f6rut skedd p\u00e5lysning med tillk\u00e4nnagivande av de till \u00f6verl\u00e4ggning f\u00f6rekommande \u00e4mnen voro nu f\u00f6rsamlingens ledam\u00f6ter t\u00e4mligen talrikt f\u00f6rsamlade. Sockenst\u00e4mman [&hellip;]<\/p>\n","protected":false},"author":1,"featured_media":911,"comment_status":"closed","ping_status":"closed","sticky":false,"template":"","format":"standard","meta":{"footnotes":""},"categories":[212,30,21],"tags":[236,234,235],"class_list":["post-906","post","type-post","status-publish","format-standard","has-post-thumbnail","hentry","category-212","category-kyrkan","category-sockenstammoprotokoll","tag-capellansgarden","tag-fattigreglemente","tag-inventarium"],"_links":{"self":[{"href":"https:\/\/www.ljusnaren.se\/index.php\/wp-json\/wp\/v2\/posts\/906","targetHints":{"allow":["GET"]}}],"collection":[{"href":"https:\/\/www.ljusnaren.se\/index.php\/wp-json\/wp\/v2\/posts"}],"about":[{"href":"https:\/\/www.ljusnaren.se\/index.php\/wp-json\/wp\/v2\/types\/post"}],"author":[{"embeddable":true,"href":"https:\/\/www.ljusnaren.se\/index.php\/wp-json\/wp\/v2\/users\/1"}],"replies":[{"embeddable":true,"href":"https:\/\/www.ljusnaren.se\/index.php\/wp-json\/wp\/v2\/comments?post=906"}],"version-history":[{"count":6,"href":"https:\/\/www.ljusnaren.se\/index.php\/wp-json\/wp\/v2\/posts\/906\/revisions"}],"predecessor-version":[{"id":919,"href":"https:\/\/www.ljusnaren.se\/index.php\/wp-json\/wp\/v2\/posts\/906\/revisions\/919"}],"wp:featuredmedia":[{"embeddable":true,"href":"https:\/\/www.ljusnaren.se\/index.php\/wp-json\/wp\/v2\/media\/911"}],"wp:attachment":[{"href":"https:\/\/www.ljusnaren.se\/index.php\/wp-json\/wp\/v2\/media?parent=906"}],"wp:term":[{"taxonomy":"category","embeddable":true,"href":"https:\/\/www.ljusnaren.se\/index.php\/wp-json\/wp\/v2\/categories?post=906"},{"taxonomy":"post_tag","embeddable":true,"href":"https:\/\/www.ljusnaren.se\/index.php\/wp-json\/wp\/v2\/tags?post=906"}],"curies":[{"name":"wp","href":"https:\/\/api.w.org\/{rel}","templated":true}]}}