{"id":915,"date":"2025-02-11T15:42:39","date_gmt":"2025-02-11T15:42:39","guid":{"rendered":"https:\/\/www.ljusnaren.se\/?p=915"},"modified":"2025-04-27T18:45:43","modified_gmt":"2025-04-27T18:45:43","slug":"1844-09-22","status":"publish","type":"post","link":"https:\/\/www.ljusnaren.se\/index.php\/2025\/02\/11\/1844-09-22\/","title":{"rendered":"1844-09-22"},"content":{"rendered":"\n<p>Kort protokoll om val av deputerade f\u00f6r priskuranten till markeg\u00e5ngss\u00e4ttningen..<\/p>\n\n\n\n<h3 class=\"wp-block-heading\">\u00c5r 1844 den 22:a september h\u00f6lls efter \u00e5tta dagar f\u00f6rut skedd p\u00e5lysning allm\u00e4n sockenst\u00e4mma med Ljusnarsbergs f\u00f6rsamling.<\/h3>\n\n\n\n<p><em>\u00a71. Till deputerade vilka tillika med ortens kronofogde, skola stadga det pris, som f\u00f6r h\u00e4radet i priskuranten till markeg\u00e5ngss\u00e4ttninge skall intagas valdes: herr postm\u00e4staren Claes Carlberg p\u00e5 Konstdammen och herr bergslagskass\u00f6ren Johan Adler p\u00e5 Kyrkbacken.<\/em><\/p>\n\n\n\n<p><em>S\u00e5lunda valt, uppl\u00e4st och erk\u00e4nt betyga \u00e5 f\u00f6rsamlingens v\u00e4gnar,<br>J.D Westholm, ordf pastor<\/em><\/p>\n\n\n\n<p><\/p>\n","protected":false},"excerpt":{"rendered":"<p>Kort protokoll om val av deputerade f\u00f6r priskuranten till markeg\u00e5ngss\u00e4ttningen.. \u00c5r 1844 den 22:a september h\u00f6lls efter \u00e5tta dagar f\u00f6rut skedd p\u00e5lysning allm\u00e4n sockenst\u00e4mma med Ljusnarsbergs f\u00f6rsamling. \u00a71. Till deputerade vilka tillika med ortens kronofogde, skola stadga det pris, som f\u00f6r h\u00e4radet i priskuranten till markeg\u00e5ngss\u00e4ttninge skall intagas valdes: herr postm\u00e4staren Claes Carlberg p\u00e5 Konstdammen [&hellip;]<\/p>\n","protected":false},"author":1,"featured_media":834,"comment_status":"closed","ping_status":"closed","sticky":false,"template":"","format":"standard","meta":{"footnotes":""},"categories":[212,21],"tags":[52,104,55],"class_list":["post-915","post","type-post","status-publish","format-standard","has-post-thumbnail","hentry","category-212","category-sockenstammoprotokoll","tag-markegang","tag-markgangssattning","tag-priskurant"],"_links":{"self":[{"href":"https:\/\/www.ljusnaren.se\/index.php\/wp-json\/wp\/v2\/posts\/915","targetHints":{"allow":["GET"]}}],"collection":[{"href":"https:\/\/www.ljusnaren.se\/index.php\/wp-json\/wp\/v2\/posts"}],"about":[{"href":"https:\/\/www.ljusnaren.se\/index.php\/wp-json\/wp\/v2\/types\/post"}],"author":[{"embeddable":true,"href":"https:\/\/www.ljusnaren.se\/index.php\/wp-json\/wp\/v2\/users\/1"}],"replies":[{"embeddable":true,"href":"https:\/\/www.ljusnaren.se\/index.php\/wp-json\/wp\/v2\/comments?post=915"}],"version-history":[{"count":3,"href":"https:\/\/www.ljusnaren.se\/index.php\/wp-json\/wp\/v2\/posts\/915\/revisions"}],"predecessor-version":[{"id":918,"href":"https:\/\/www.ljusnaren.se\/index.php\/wp-json\/wp\/v2\/posts\/915\/revisions\/918"}],"wp:featuredmedia":[{"embeddable":true,"href":"https:\/\/www.ljusnaren.se\/index.php\/wp-json\/wp\/v2\/media\/834"}],"wp:attachment":[{"href":"https:\/\/www.ljusnaren.se\/index.php\/wp-json\/wp\/v2\/media?parent=915"}],"wp:term":[{"taxonomy":"category","embeddable":true,"href":"https:\/\/www.ljusnaren.se\/index.php\/wp-json\/wp\/v2\/categories?post=915"},{"taxonomy":"post_tag","embeddable":true,"href":"https:\/\/www.ljusnaren.se\/index.php\/wp-json\/wp\/v2\/tags?post=915"}],"curies":[{"name":"wp","href":"https:\/\/api.w.org\/{rel}","templated":true}]}}