{"id":920,"date":"2025-02-11T17:55:24","date_gmt":"2025-02-11T17:55:24","guid":{"rendered":"https:\/\/www.ljusnaren.se\/?p=920"},"modified":"2025-04-27T18:45:43","modified_gmt":"2025-04-27T18:45:43","slug":"1844-10-27","status":"publish","type":"post","link":"https:\/\/www.ljusnaren.se\/index.php\/2025\/02\/11\/1844-10-27\/","title":{"rendered":"1844-10-27"},"content":{"rendered":"\n<p>Gruvdr\u00e4ngen Jan Peter Janssons dotter Lilla Kumlan \u00e4r sjuk liksom gossen Fredric Haglund i Dahltorp och b\u00e5da beh\u00f6ver doktor Roths hj\u00e4lp&#8230;  <\/p>\n\n\n\n<h3 class=\"wp-block-heading\">\u00c5r 1844 den 27:e oktober h\u00f6lls efter f\u00f6rut skedd laglig p\u00e5lysning, allm\u00e4n sockenst\u00e4mma med Ljusnarsbergs f\u00f6rsamling.<\/h3>\n\n\n\n<p><em>\u00a71. Det vid fattigv\u00e5rdens senaste sammantr\u00e4de, f\u00f6rda protokoll, inneh\u00e5llande f\u00f6rslag till de fattigas f\u00f6rs\u00f6rjning under n\u00e4stkommande \u00e5r uppl\u00e4stes och godk\u00e4ndes, varefter protokollet underskrevs.<\/em><\/p>\n\n\n\n<p><br><em>\u00c5t de uti fattigv\u00e5rdsprotokollet omf\u00f6rm\u00e4lda personer, vilka under detta \u00e5r haft tillf\u00e4llig hj\u00e4lp anslogs nu s\u00e5dan hj\u00e4lp allenast f\u00f6r h\u00e4r nedan uppr\u00e4knade:<\/em><\/p>\n\n\n\n<p><em><br>Till Cathrina Gunnarsdotter vid Salbokn\u00f6s f\u00f6r anskaffande av skor 2 Rd Rgs.<br>Jan Olssons \u00e4nka vid Bl\u00e5mansb\u00e4cken f\u00e5r 1\/4 tunna r\u00e5g lika med f\u00f6rra \u00e5ret.<br>\u00c5t \u00e4nkan Stina Cajsa Matsdotter med m\u00e5nga sm\u00e5 barn vid Svartviks s\u00e5gdamm beviljades, att nu genast erh\u00e5lla en halv tunna r\u00e5g<\/em>.<\/p>\n\n\n\n<p><em>Mats Matssons \u00e4nka vid Svartviks konstdamm och Sven Janssons \u00e4nka vid Orrbacks\u00e4ng hade var f\u00f6r sig skriftligen genom uppsyningsm\u00e4nnen anh\u00e5llit om n\u00e5got underst\u00f6d; men deras beg\u00e4ran avslogs p\u00e5 grund att de ans\u00e5gs kunna, i h\u00e4ndelse de ej genom arbete f\u00f6rm\u00e5dde f\u00f6rs\u00f6rja sig, g\u00e5 g\u00e5rd mellan och p\u00e5 detta s\u00e4tt erh\u00e5lla n\u00f6dtorftigt uppeh\u00e4lle.<\/em><\/p>\n\n\n\n<p><em>\u00a72. P\u00e5 tillk\u00e4nnagivande d\u00e4rom, att Anders Perssons \u00e4nka vid Enbo icke l\u00e4ngre ville f\u00f6rs\u00f6rja och v\u00e5rda avlidne Sandback Peter Perssons som Frans, besl\u00f6ts att fr\u00e5n predikstolen skulle kung\u00f6ras, att den som ville emotta och kristligen v\u00e5rda och f\u00f6rs\u00f6rja bem\u00e4lde gosse under ett \u00e5rs tid skulle d\u00e4rf\u00f6r av socknens fattigv\u00e5rdskassa erh\u00e5lla tjugo \/20\/ Rd Rgs.<\/em><\/p>\n\n\n\n<p><br><em>\u00a73. Betr\u00e4ffande gossen Fredric Haglund fr\u00e5n Dahltorp anm\u00e4ldes att han f\u00f6r n\u00e5gra veckor sedan blivit angripen av s\u00e5 sv\u00e5r v\u00e4rk i den ena foten, att han icke f\u00f6r n\u00e4rvarande kunde ens st\u00f6dja sig p\u00e5 foten \u00e4n mindre g\u00e5. Med anledning h\u00e4rav besl\u00f6ts att herr A.G Andersson vid Sandbacken skulle v\u00e4nligen anmodas att emot erh\u00e5llande betalning av sockenkassan med g\u00f6rligaste f\u00f6reta resa ner till Gustafsdahl och bese gossens onda samt f\u00f6reskriva och meddela de botemedel han kunde pr\u00f6va l\u00e4mpliga. Om det \u00e4nd\u00e5 det oaktat icke ville giva med sig skulle gossen, d\u00e5 herr doktor Roth p\u00e5se gossen onda och d\u00e4r emot ordinera beh\u00f6vliga medikamenter.<br>      Jan Jansson i Gustafsdahl \u00e5tog sig att tillsvidare h\u00e4rbergera och f\u00f6rs\u00f6rja gossen Haglund under dess sjuklighet emot en betingad (..) medgiven betalning av en Rd Rgs f\u00f6r varje vecka. S\u00e5 snart gossen vore till h\u00e4lsan \u00e5terst\u00e4lld hoppades man, att Anders Andersson i Bj\u00f6rk\u00e4ng skulle enligt dess givna l\u00f6fte emotta honom.<\/em><\/p>\n\n\n\n<p><br><em>\u00a74. Gruvdr\u00e4ngen Jan Peter Jansson vid Lilla Kumla, som med sju barn varav ena dottern ett och ett halvt \u00e5rs tid varit och \u00e4nnu \u00e4r av v\u00e4rk s\u00e4ngliggande, befunne sig uti h\u00f6gst torftiga omst\u00e4ndigheter anh\u00e5ll om n\u00e5got underst\u00f6d. I anseende till den j\u00e4mna f\u00f6rtj\u00e4nst han hade genom gruvbrytning i Svartviks gruvor ans\u00e5gs han kunna utan att anlita fattigkassan f\u00f6rs\u00f6rja sig och de sina, varf\u00f6r n\u00e5gon fattighj\u00e4lp icke kunde honom beviljas. Men d\u00e4remot ans\u00e5gs h\u00f6gst n\u00f6digt att den sjuka flickan erh\u00f6ll l\u00e4karv\u00e5rd, varf\u00f6r Jan Matsson vid Svartviken , den sjuka flickans morbror, vidtalades, att n\u00e4r herr doktor Roth h\u00e4rn\u00e4st, som f\u00f6rmodades bli i dag fjorton dagar till, hitkommen, Jan Matsson skulle , om flickans tillst\u00e5nd det medg\u00e5ve skjutsa henne fram till sockenstugan eller om hon ej t\u00e5lde vid \u00e5kning, skulle herr doktorn anmodas att resa dit. De medikamenter doktorn komme att f\u00f6rordna skulle av fattigkassan betalas och \u00e5tog sig Jan Matsson tillse, att medikamenterna bli begagnade i enlighet med herr doktorns f\u00f6reskrift.<\/em><\/p>\n\n\n\n<p><br><em>\u00a75. Sedan nu f\u00f6r denna g\u00e5ngen, vad fattigv\u00e5rden betr\u00e4ffade, vore avslutat, uppmanade ordf\u00f6randen f\u00f6rsamlingens ledam\u00f6ter att skrida till val av ny kyrkov\u00e4rd efter genom d\u00f6den avg\u00e5ngne bergsexmannen och kyrkov\u00e4rden Eric Hindricsson fr\u00e5n Stora Brusala. Pastor yttrade h\u00e4rvid att han visserligen vore \u00f6vertygad det inom f\u00f6rsamlingen finnes m\u00e5nga aktade m\u00e4n, vilka \u00e4ga skicklighet att bestrida kyrkov\u00e4rdstj\u00e4nsten men att i anseende till den s\u00f6ndagliga n\u00f6diga p\u00e5passligheten vid kyrkan valet borde falla p\u00e5 n\u00e5gon person som icke hade f\u00f6r l\u00e5ng kyrkv\u00e4g. Han f\u00f6reslog f\u00f6r den skull f\u00f6rsamlingen att v\u00e4lja emellan den avlidne kyrkov\u00e4rdens son Jan Fredric Ericsson vid Brusala och n\u00e4mndemannen Eric Hellsten vid Bj\u00f6rkbro men i h\u00e4ndelse ingendera av dessa skulle vilja \u00e5ta sig denna tj\u00e4nst omn\u00e4mndes n\u00e4mndemannen Eric Persson och sexmannen Jan Israelsson vid Viken. Likv\u00e4l f\u00f6rklarade pastor att sedan han nu fullgjort sin plikt att f\u00f6resl\u00e5 dem han f\u00f6rment b\u00f6ra komma under omr\u00f6stning, han icke ville vidare blanda sig uti valet; men \u00f6nskade att f\u00f6rsamlingen vid sitt val ville f\u00e4sta avseende p\u00e5 vilken den nu varande oaktade och p\u00e5litliga kyrkov\u00e4rden, sex- och n\u00e4mndemannen Eric Jansson i Stenn\u00e4s helst kunde \u00f6nska sig till kamrat. D\u00e5 nu sj\u00e4lva valet skulle f\u00f6retas, yttrade en del att Jan Fredric Ericsson vid Brusala icke skulle vilja emotta detta f\u00f6rtroende; andra \u00e5ter att n\u00e4mndeman Hellsten ej heller skulle vara hugad \u00e5ta sig kyrkov\u00e4rdskapet. P\u00e5 fleras beg\u00e4ran och efter f\u00f6rsamlingens d\u00e4rom fattade beslut uppsk\u00f6ts valet av ny kyrkov\u00e4rd till n\u00e4sta s\u00f6ndag d\u00e5 f\u00f6rsamlingen ville efter gudstj\u00e4nstens slut p\u00e5 sockenstugan sammantr\u00e4da och v\u00e4lja, d\u00e5 man kunde f\u00f6rv\u00e4nta, att om n\u00e5gon av de f\u00f6reslagna skulle vara emot att bli vald, han s\u00e4kerligen infunne sig och undanbad sig f\u00f6rtroendet.<\/em><\/p>\n\n\n\n<p><br><em>\u00a76. Slutligen uppl\u00e4ste pastor de \u00f6ver ekonomiska besiktningarna i pr\u00e4st- och klockarg\u00e5rdarna den 4:e sistlidna september f\u00f6rda protokoll. F\u00f6rsamlingen besl\u00f6t att dessa protokoll borde till sockenn\u00e4mnden \u00f6verl\u00e4mnas och uppdrogs \u00e5t n\u00e4mnden att g\u00e5 i f\u00f6rfattning d\u00e4rom att de i protokollen omf\u00f6rm\u00e4lde n\u00f6diga ansedda reparationer och byggnader bliva i beh\u00f6rig ordning verkst\u00e4llda.<br>Sedan nu \u00f6verl\u00e4ggningarna f\u00f6r dagen vore avslutade tillk\u00e4nnagav ordf\u00f6randen att detta protokoll justeras n\u00e4sta s\u00f6ndag.<\/em><\/p>\n\n\n\n<p><\/p>\n\n\n\n<p><em>S\u00e5lunda vara beslutat, uppl\u00e4st och erk\u00e4nt betyga \u00e5 f\u00f6rsamlingens v\u00e4gnar,<br>J.D Westholm, ordf pastor<br>J.E (..)lund<br>Per P\u00e4rsson i Br\u00e4nnbyn<br>Jan Andersson i Klotbacken<\/em><\/p>\n\n\n\n<p><em>Uppl\u00e4st fr\u00e5n Ljusnarsbergs kyrkas predikstol d. 17 november 1844 av J.D Westholm<\/em><\/p>\n","protected":false},"excerpt":{"rendered":"<p>Gruvdr\u00e4ngen Jan Peter Janssons dotter Lilla Kumlan \u00e4r sjuk liksom gossen Fredric Haglund i Dahltorp och b\u00e5da beh\u00f6ver doktor Roths hj\u00e4lp&#8230; \u00c5r 1844 den 27:e oktober h\u00f6lls efter f\u00f6rut skedd laglig p\u00e5lysning, allm\u00e4n sockenst\u00e4mma med Ljusnarsbergs f\u00f6rsamling. \u00a71. Det vid fattigv\u00e5rdens senaste sammantr\u00e4de, f\u00f6rda protokoll, inneh\u00e5llande f\u00f6rslag till de fattigas f\u00f6rs\u00f6rjning under n\u00e4stkommande \u00e5r uppl\u00e4stes [&hellip;]<\/p>\n","protected":false},"author":1,"featured_media":548,"comment_status":"closed","ping_status":"closed","sticky":false,"template":"","format":"standard","meta":{"footnotes":""},"categories":[212,30,21],"tags":[240,237,238,241,239,207],"class_list":["post-920","post","type-post","status-publish","format-standard","has-post-thumbnail","hentry","category-212","category-kyrkan","category-sockenstammoprotokoll","tag-doktor-roth","tag-kyrkovard","tag-lilla-kumlan","tag-stora-brusala","tag-svartvik","tag-val"],"_links":{"self":[{"href":"https:\/\/www.ljusnaren.se\/index.php\/wp-json\/wp\/v2\/posts\/920","targetHints":{"allow":["GET"]}}],"collection":[{"href":"https:\/\/www.ljusnaren.se\/index.php\/wp-json\/wp\/v2\/posts"}],"about":[{"href":"https:\/\/www.ljusnaren.se\/index.php\/wp-json\/wp\/v2\/types\/post"}],"author":[{"embeddable":true,"href":"https:\/\/www.ljusnaren.se\/index.php\/wp-json\/wp\/v2\/users\/1"}],"replies":[{"embeddable":true,"href":"https:\/\/www.ljusnaren.se\/index.php\/wp-json\/wp\/v2\/comments?post=920"}],"version-history":[{"count":4,"href":"https:\/\/www.ljusnaren.se\/index.php\/wp-json\/wp\/v2\/posts\/920\/revisions"}],"predecessor-version":[{"id":924,"href":"https:\/\/www.ljusnaren.se\/index.php\/wp-json\/wp\/v2\/posts\/920\/revisions\/924"}],"wp:featuredmedia":[{"embeddable":true,"href":"https:\/\/www.ljusnaren.se\/index.php\/wp-json\/wp\/v2\/media\/548"}],"wp:attachment":[{"href":"https:\/\/www.ljusnaren.se\/index.php\/wp-json\/wp\/v2\/media?parent=920"}],"wp:term":[{"taxonomy":"category","embeddable":true,"href":"https:\/\/www.ljusnaren.se\/index.php\/wp-json\/wp\/v2\/categories?post=920"},{"taxonomy":"post_tag","embeddable":true,"href":"https:\/\/www.ljusnaren.se\/index.php\/wp-json\/wp\/v2\/tags?post=920"}],"curies":[{"name":"wp","href":"https:\/\/api.w.org\/{rel}","templated":true}]}}