{"id":926,"date":"2025-02-16T16:18:15","date_gmt":"2025-02-16T16:18:15","guid":{"rendered":"https:\/\/www.ljusnaren.se\/?p=926"},"modified":"2025-04-27T18:45:43","modified_gmt":"2025-04-27T18:45:43","slug":"1844-11-03","status":"publish","type":"post","link":"https:\/\/www.ljusnaren.se\/index.php\/2025\/02\/16\/1844-11-03\/","title":{"rendered":"1844-11-03"},"content":{"rendered":"\n<p>St\u00e4mman v\u00e4ljer en ny kyrkov\u00e4rd och Jan Fredric Ericsson eftertr\u00e4der sin avlidne far&#8230;<\/p>\n\n\n\n<h3 class=\"wp-block-heading\"><em>\u00c5r 1844 den 3 november h\u00f6lls, efter d\u00e4rom samma dag skedd laglig p\u00e5lysning, allm\u00e4n sockenst\u00e4mma med Ljusnarsbergs f\u00f6rsamling.<\/em><\/h3>\n\n\n\n<p><em>\u00a71. F\u00f6reg\u00e5ende sockenst\u00e4mmoprotokoll uppl\u00e4stes och underskrevs utan n\u00e5gon anm\u00e4rkning.<br>\u00a72. Till f\u00f6ljd av \u00a75 i n\u00e4stf\u00f6reg\u00e5ende protokoll f\u00f6retogs nu till avg\u00f6rande det uppskjutna kyrkov\u00e4rdsvalet, varvid hemmans\u00e4garen Nilss Ersson vid R\u00e4llsviken yttrade, att han ans\u00e5g Jan Fredric Ericsson vid Brusala borde bli sin avlidne fars eftertr\u00e4dare uti kyrkov\u00e4rdstj\u00e4nsten. Med Nils Ersson f\u00f6renade sig flera av de n\u00e4rvarande sockenledam\u00f6terna, varefter pastor till dem, som icke yttrat sig, hemst\u00e4llde att, i h\u00e4ndelse de \u00f6nskade n\u00e5gon annan till kyrkov\u00e4rd, \u00e4n den nu omn\u00e4mnde, de borde ge sin \u00f6nskan tillk\u00e4nna. D\u00e5 p\u00e5 denna hemst\u00e4llan ingen yttrade n\u00e5got fr\u00e5gade pastor om Jan Fredric Ericsson fr\u00e5n Stora Brusala skulle anses vara till kyrkov\u00e4rd utn\u00e4mnd var till svarades ja. Till f\u00f6ljd h\u00e4rav f\u00f6rklarades han, Jan Fredric Ericsson vid Brusala, vara, efter dess framlidne fader bergsmannen Eric Hindricsson, vald och n\u00e4mnd till kyrkov\u00e4rd i Ljusnarsberg. \u00c5liggandes s\u00e5ledes honom allt det ansvar och alla de skyldigheter som med kyrkov\u00e4rdsbefattningen \u00e4r f\u00f6rknippade varemot han \u00e4ger till godo njuta de l\u00e5nef\u00f6rm\u00e5ner som tj\u00e4nsten \u00e5tf\u00f6lja.<\/em><\/p>\n\n\n\n<p><em>S\u00e5lunda valt uppl\u00e4st och erk\u00e4nt betyga \u00e5 f\u00f6rsamlingens v\u00e4gnar,<br>J.D Westholm, ordf pastor<br>P\u00e4r P\u00e4rsson<\/em><\/p>\n\n\n\n<p><em>Uppl\u00e4st fr\u00e5n Ljusnarsbergs kyrkas predikstol s\u00f6ndagen den 17 november 1844 av J.D Westholm<\/em><\/p>\n\n\n\n<p><\/p>\n","protected":false},"excerpt":{"rendered":"<p>St\u00e4mman v\u00e4ljer en ny kyrkov\u00e4rd och Jan Fredric Ericsson eftertr\u00e4der sin avlidne far&#8230; \u00c5r 1844 den 3 november h\u00f6lls, efter d\u00e4rom samma dag skedd laglig p\u00e5lysning, allm\u00e4n sockenst\u00e4mma med Ljusnarsbergs f\u00f6rsamling. \u00a71. F\u00f6reg\u00e5ende sockenst\u00e4mmoprotokoll uppl\u00e4stes och underskrevs utan n\u00e5gon anm\u00e4rkning.\u00a72. Till f\u00f6ljd av \u00a75 i n\u00e4stf\u00f6reg\u00e5ende protokoll f\u00f6retogs nu till avg\u00f6rande det uppskjutna kyrkov\u00e4rdsvalet, varvid [&hellip;]<\/p>\n","protected":false},"author":1,"featured_media":360,"comment_status":"closed","ping_status":"closed","sticky":false,"template":"","format":"standard","meta":{"footnotes":""},"categories":[212,30,21],"tags":[243,242,241],"class_list":["post-926","post","type-post","status-publish","format-standard","has-post-thumbnail","hentry","category-212","category-kyrkan","category-sockenstammoprotokoll","tag-ericsson","tag-kyrkovardsval","tag-stora-brusala"],"_links":{"self":[{"href":"https:\/\/www.ljusnaren.se\/index.php\/wp-json\/wp\/v2\/posts\/926","targetHints":{"allow":["GET"]}}],"collection":[{"href":"https:\/\/www.ljusnaren.se\/index.php\/wp-json\/wp\/v2\/posts"}],"about":[{"href":"https:\/\/www.ljusnaren.se\/index.php\/wp-json\/wp\/v2\/types\/post"}],"author":[{"embeddable":true,"href":"https:\/\/www.ljusnaren.se\/index.php\/wp-json\/wp\/v2\/users\/1"}],"replies":[{"embeddable":true,"href":"https:\/\/www.ljusnaren.se\/index.php\/wp-json\/wp\/v2\/comments?post=926"}],"version-history":[{"count":4,"href":"https:\/\/www.ljusnaren.se\/index.php\/wp-json\/wp\/v2\/posts\/926\/revisions"}],"predecessor-version":[{"id":930,"href":"https:\/\/www.ljusnaren.se\/index.php\/wp-json\/wp\/v2\/posts\/926\/revisions\/930"}],"wp:featuredmedia":[{"embeddable":true,"href":"https:\/\/www.ljusnaren.se\/index.php\/wp-json\/wp\/v2\/media\/360"}],"wp:attachment":[{"href":"https:\/\/www.ljusnaren.se\/index.php\/wp-json\/wp\/v2\/media?parent=926"}],"wp:term":[{"taxonomy":"category","embeddable":true,"href":"https:\/\/www.ljusnaren.se\/index.php\/wp-json\/wp\/v2\/categories?post=926"},{"taxonomy":"post_tag","embeddable":true,"href":"https:\/\/www.ljusnaren.se\/index.php\/wp-json\/wp\/v2\/tags?post=926"}],"curies":[{"name":"wp","href":"https:\/\/api.w.org\/{rel}","templated":true}]}}