{"id":947,"date":"2025-02-20T13:50:48","date_gmt":"2025-02-20T13:50:48","guid":{"rendered":"https:\/\/www.ljusnaren.se\/?p=947"},"modified":"2025-04-27T18:45:42","modified_gmt":"2025-04-27T18:45:42","slug":"1836-02-14","status":"publish","type":"post","link":"https:\/\/www.ljusnaren.se\/index.php\/2025\/02\/20\/1836-02-14\/","title":{"rendered":"1836-02-14"},"content":{"rendered":"\n<p>St\u00e4mman har mottagit cirkul\u00e4r om f\u00f6rsamlingen \u00e4r hugad att ing\u00e5 f\u00f6rening f\u00f6r kronoutskylderna..<\/p>\n\n\n\n<h3 class=\"wp-block-heading\">Protokoll h\u00e5llet i allm\u00e4n sockenst\u00e4mma med med Ljusnarsbergs f\u00f6rsamling d. 14 februari 1836<\/h3>\n\n\n\n<p><em>\u00a71. Till underd\u00e5nig \u00e5tlydnad av Konglig Majts till Landsh\u00f6vdinge i rikets ankommet cirkul\u00e4r av d. 4 nov: 1835 av med anmodan av Konungens befallningshavande till samtliga kyrkoherdar i l\u00e4net, att var inom sitt pastorat, \u00e5 allm\u00e4n sockenst\u00e4mma inh\u00e4mta menighetens yttranden huruvida och i vad m\u00e5n, de skattskyldiga kunna vara hugade att ing\u00e5 f\u00f6rening och gemensam ansvarighet f\u00f6r kronoutskyldernas \u00e5rliga betalning emot tillgodonjutande av de f\u00f6rm\u00e5ner det n\u00e5diga cirkul\u00e4ret best\u00e4mmer &#8211; vore denna dag, enligt f\u00f6rut vederb\u00f6rlig kung\u00f6relse fr\u00e5n predikstolen med \u00e4mnets tillk\u00e4nnagivande denna f\u00f6rsamlings respektive ledam\u00f6ter kallade till allm\u00e4n sockenst\u00e4mma att f\u00f6r\u00f6ver avgiva sitt yttrande d\u00e5, efter vidare uppl\u00e4sning av det n\u00e5diga cirkul\u00e4ret, f\u00f6rsamlingens ledam\u00f6ter enh\u00e4lligt i underd\u00e5nighet f\u00f6rklarade, att de, \u00e5 en s\u00e5dan gemensam ansvarighet icke kunde ing\u00e5.<\/em><\/p>\n\n\n\n<p><em>S\u00e5lunda beslutat intyga datum ut supra \u00e5 f\u00f6rsamlingens v\u00e4gnar<\/em><\/p>\n\n\n\n<p><em>Gustaf Godenius, pastor ordf\u00f6rande<br>B. F. T\u00f6rneblom<br>L. Bj\u00f6rklund<br>Jan Israelsson<\/em><\/p>\n","protected":false},"excerpt":{"rendered":"<p>St\u00e4mman har mottagit cirkul\u00e4r om f\u00f6rsamlingen \u00e4r hugad att ing\u00e5 f\u00f6rening f\u00f6r kronoutskylderna.. Protokoll h\u00e5llet i allm\u00e4n sockenst\u00e4mma med med Ljusnarsbergs f\u00f6rsamling d. 14 februari 1836 \u00a71. Till underd\u00e5nig \u00e5tlydnad av Konglig Majts till Landsh\u00f6vdinge i rikets ankommet cirkul\u00e4r av d. 4 nov: 1835 av med anmodan av Konungens befallningshavande till samtliga kyrkoherdar i l\u00e4net, [&hellip;]<\/p>\n","protected":false},"author":1,"featured_media":834,"comment_status":"closed","ping_status":"closed","sticky":false,"template":"","format":"standard","meta":{"footnotes":""},"categories":[247,21],"tags":[],"class_list":["post-947","post","type-post","status-publish","format-standard","has-post-thumbnail","hentry","category-247","category-sockenstammoprotokoll"],"_links":{"self":[{"href":"https:\/\/www.ljusnaren.se\/index.php\/wp-json\/wp\/v2\/posts\/947","targetHints":{"allow":["GET"]}}],"collection":[{"href":"https:\/\/www.ljusnaren.se\/index.php\/wp-json\/wp\/v2\/posts"}],"about":[{"href":"https:\/\/www.ljusnaren.se\/index.php\/wp-json\/wp\/v2\/types\/post"}],"author":[{"embeddable":true,"href":"https:\/\/www.ljusnaren.se\/index.php\/wp-json\/wp\/v2\/users\/1"}],"replies":[{"embeddable":true,"href":"https:\/\/www.ljusnaren.se\/index.php\/wp-json\/wp\/v2\/comments?post=947"}],"version-history":[{"count":1,"href":"https:\/\/www.ljusnaren.se\/index.php\/wp-json\/wp\/v2\/posts\/947\/revisions"}],"predecessor-version":[{"id":948,"href":"https:\/\/www.ljusnaren.se\/index.php\/wp-json\/wp\/v2\/posts\/947\/revisions\/948"}],"wp:featuredmedia":[{"embeddable":true,"href":"https:\/\/www.ljusnaren.se\/index.php\/wp-json\/wp\/v2\/media\/834"}],"wp:attachment":[{"href":"https:\/\/www.ljusnaren.se\/index.php\/wp-json\/wp\/v2\/media?parent=947"}],"wp:term":[{"taxonomy":"category","embeddable":true,"href":"https:\/\/www.ljusnaren.se\/index.php\/wp-json\/wp\/v2\/categories?post=947"},{"taxonomy":"post_tag","embeddable":true,"href":"https:\/\/www.ljusnaren.se\/index.php\/wp-json\/wp\/v2\/tags?post=947"}],"curies":[{"name":"wp","href":"https:\/\/api.w.org\/{rel}","templated":true}]}}