{"id":949,"date":"2025-02-20T13:53:15","date_gmt":"2025-02-20T13:53:15","guid":{"rendered":"https:\/\/www.ljusnaren.se\/?p=949"},"modified":"2025-04-27T18:45:42","modified_gmt":"2025-04-27T18:45:42","slug":"1836-02-28","status":"publish","type":"post","link":"https:\/\/www.ljusnaren.se\/index.php\/2025\/02\/20\/1836-02-28\/","title":{"rendered":"1836-02-28"},"content":{"rendered":"\n<p>Val av deputerade f\u00f6r riksdag, samt revisorer f\u00f6r granskning av f\u00f6rsamlingens r\u00e4kenskaper&#8230;<\/p>\n\n\n\n<h3 class=\"wp-block-heading\">Protokoll h\u00e5llet i allm\u00e4n sockenst\u00e4mma med med Ljusnarsbergs f\u00f6rsamling d. 28 februari 1836.<\/h3>\n\n\n\n<p><em>\u00a71. Enligt Konungens befallningshavande till kronofogden Hasselstr\u00f6m ankommen skrivelse att skyndsamt g\u00e5 i f\u00f6rfattning d\u00e4rom at sockenfullm\u00e4ktige vara utsedd och sammankallad till val av deputerade , en f\u00f6r varje tingslag inom Nora och Linde f\u00f6gderi som att j\u00e4mte \u00f6vriga valda deputerade i l\u00e4net besluta om sammans\u00e4ttningen till form av personer att den kommitt\u00e9 med n\u00f6diga suppleanter som skall \u00e5rligen intill n\u00e4sta riksdag, s\u00e5 v\u00e4l revidera och granska r\u00e4kenskaperna j\u00e4mte styrelsen och (\u2026) av kurhus-inr\u00e4ttningen, som och d\u00e4refter, ej mindre till beloppet best\u00e4mma bidraget till lasarettet av till \u00e4ventyrs varande \u00f6verskott \u00e4n stadga f\u00f6r f\u00f6ljande \u00e5ret den avgift som kan erfordras till veneriska smittans h\u00e4mmande; voro dessa f\u00f6rsamlingens ledam\u00f6ter i dag till allm\u00e4n sockenst\u00e4mma kallade, d\u00e5 f\u00f6ljande trenne fullm\u00e4ktige f\u00f6r denna socken blev utsedda:<br>Herr kyrkoherden Godenius, herr patron P.J Lundbom och bergsexmannen Johan Adler \u00e5 Kyrkobacken.<\/em><\/p>\n\n\n\n<p><em>S\u00e5lunda valt intyga datum ut supra \u00e5 f\u00f6rsamlingens v\u00e4gnar<\/em><\/p>\n\n\n\n<p><em>Gustaf Godenius, pastor ordf\u00f6rande<br>A. Magnusson<br>Eric Andersson i Wiken<\/em><\/p>\n","protected":false},"excerpt":{"rendered":"<p>Val av deputerade f\u00f6r riksdag, samt revisorer f\u00f6r granskning av f\u00f6rsamlingens r\u00e4kenskaper&#8230; Protokoll h\u00e5llet i allm\u00e4n sockenst\u00e4mma med med Ljusnarsbergs f\u00f6rsamling d. 28 februari 1836. \u00a71. Enligt Konungens befallningshavande till kronofogden Hasselstr\u00f6m ankommen skrivelse att skyndsamt g\u00e5 i f\u00f6rfattning d\u00e4rom at sockenfullm\u00e4ktige vara utsedd och sammankallad till val av deputerade , en f\u00f6r varje tingslag [&hellip;]<\/p>\n","protected":false},"author":1,"featured_media":343,"comment_status":"closed","ping_status":"closed","sticky":false,"template":"","format":"standard","meta":{"footnotes":""},"categories":[247,21],"tags":[249,250],"class_list":["post-949","post","type-post","status-publish","format-standard","has-post-thumbnail","hentry","category-247","category-sockenstammoprotokoll","tag-deputeradeval","tag-revisorsval"],"_links":{"self":[{"href":"https:\/\/www.ljusnaren.se\/index.php\/wp-json\/wp\/v2\/posts\/949","targetHints":{"allow":["GET"]}}],"collection":[{"href":"https:\/\/www.ljusnaren.se\/index.php\/wp-json\/wp\/v2\/posts"}],"about":[{"href":"https:\/\/www.ljusnaren.se\/index.php\/wp-json\/wp\/v2\/types\/post"}],"author":[{"embeddable":true,"href":"https:\/\/www.ljusnaren.se\/index.php\/wp-json\/wp\/v2\/users\/1"}],"replies":[{"embeddable":true,"href":"https:\/\/www.ljusnaren.se\/index.php\/wp-json\/wp\/v2\/comments?post=949"}],"version-history":[{"count":1,"href":"https:\/\/www.ljusnaren.se\/index.php\/wp-json\/wp\/v2\/posts\/949\/revisions"}],"predecessor-version":[{"id":950,"href":"https:\/\/www.ljusnaren.se\/index.php\/wp-json\/wp\/v2\/posts\/949\/revisions\/950"}],"wp:featuredmedia":[{"embeddable":true,"href":"https:\/\/www.ljusnaren.se\/index.php\/wp-json\/wp\/v2\/media\/343"}],"wp:attachment":[{"href":"https:\/\/www.ljusnaren.se\/index.php\/wp-json\/wp\/v2\/media?parent=949"}],"wp:term":[{"taxonomy":"category","embeddable":true,"href":"https:\/\/www.ljusnaren.se\/index.php\/wp-json\/wp\/v2\/categories?post=949"},{"taxonomy":"post_tag","embeddable":true,"href":"https:\/\/www.ljusnaren.se\/index.php\/wp-json\/wp\/v2\/tags?post=949"}],"curies":[{"name":"wp","href":"https:\/\/api.w.org\/{rel}","templated":true}]}}