{"id":951,"date":"2025-02-20T14:00:57","date_gmt":"2025-02-20T14:00:57","guid":{"rendered":"https:\/\/www.ljusnaren.se\/?p=951"},"modified":"2025-04-27T18:45:42","modified_gmt":"2025-04-27T18:45:42","slug":"1836-03-13","status":"publish","type":"post","link":"https:\/\/www.ljusnaren.se\/index.php\/2025\/02\/20\/1836-03-13\/","title":{"rendered":"1836-03-13"},"content":{"rendered":"\n<h3 class=\"wp-block-heading\">Protokoll h\u00e5llet \u00e5 allm\u00e4n, i laglig tid utlyst sockenst\u00e4mma med med Ljusnarsbergs f\u00f6rsamling den 13 mars 1836.<\/h3>\n\n\n\n<p><em>\u00a71. Uppl\u00e4stes och underskrevs detta \u00e5rets mantalsl\u00e4ngd utan anm\u00e4rkning.<\/em><\/p>\n\n\n\n<p><em>\u00a72. Sedan inhyses Maja \u00d6sterberg \u00e5ter kommit i den sinnesvaghet varifr\u00e5n hon f\u00f6r tv\u00e5 \u00e5r sedan blev n\u00e5gorlunda \u00e5terst\u00e4lld, men hon d\u00e5, enligt fattat sockenst\u00e4mmobeslut den 20 april 1834, avskickades f\u00f6r att underg\u00e5 kur p\u00e5 lasarettet i \u00d6rebro, ans\u00e5g f\u00f6rsamlingens ledam\u00f6ter sig icke ha annan utv\u00e4g, \u00e4n att hos h\u00f6ga Landsh\u00f6vdinge\u00e4mbetet anm\u00e4la henne till intagandet \u00e5 n\u00e4mnda lasarett, vartill de ville bestrida omkostnader.<\/em><\/p>\n\n\n\n<p><em>S\u00e5lunda valt intyga datum ut supra \u00e5 f\u00f6rsamlingens v\u00e4gnar<br>Gustaf Godenius, pastor ordf\u00f6rande<\/em><\/p>\n\n\n\n<p><\/p>\n","protected":false},"excerpt":{"rendered":"<p>Protokoll h\u00e5llet \u00e5 allm\u00e4n, i laglig tid utlyst sockenst\u00e4mma med med Ljusnarsbergs f\u00f6rsamling den 13 mars 1836. \u00a71. Uppl\u00e4stes och underskrevs detta \u00e5rets mantalsl\u00e4ngd utan anm\u00e4rkning. \u00a72. Sedan inhyses Maja \u00d6sterberg \u00e5ter kommit i den sinnesvaghet varifr\u00e5n hon f\u00f6r tv\u00e5 \u00e5r sedan blev n\u00e5gorlunda \u00e5terst\u00e4lld, men hon d\u00e5, enligt fattat sockenst\u00e4mmobeslut den 20 april 1834, [&hellip;]<\/p>\n","protected":false},"author":1,"featured_media":862,"comment_status":"closed","ping_status":"closed","sticky":false,"template":"","format":"standard","meta":{"footnotes":""},"categories":[247,21],"tags":[91,251,66],"class_list":["post-951","post","type-post","status-publish","format-standard","has-post-thumbnail","hentry","category-247","category-sockenstammoprotokoll","tag-orebro-lasarett","tag-osterberg","tag-sinnessjukdom"],"_links":{"self":[{"href":"https:\/\/www.ljusnaren.se\/index.php\/wp-json\/wp\/v2\/posts\/951","targetHints":{"allow":["GET"]}}],"collection":[{"href":"https:\/\/www.ljusnaren.se\/index.php\/wp-json\/wp\/v2\/posts"}],"about":[{"href":"https:\/\/www.ljusnaren.se\/index.php\/wp-json\/wp\/v2\/types\/post"}],"author":[{"embeddable":true,"href":"https:\/\/www.ljusnaren.se\/index.php\/wp-json\/wp\/v2\/users\/1"}],"replies":[{"embeddable":true,"href":"https:\/\/www.ljusnaren.se\/index.php\/wp-json\/wp\/v2\/comments?post=951"}],"version-history":[{"count":1,"href":"https:\/\/www.ljusnaren.se\/index.php\/wp-json\/wp\/v2\/posts\/951\/revisions"}],"predecessor-version":[{"id":952,"href":"https:\/\/www.ljusnaren.se\/index.php\/wp-json\/wp\/v2\/posts\/951\/revisions\/952"}],"wp:featuredmedia":[{"embeddable":true,"href":"https:\/\/www.ljusnaren.se\/index.php\/wp-json\/wp\/v2\/media\/862"}],"wp:attachment":[{"href":"https:\/\/www.ljusnaren.se\/index.php\/wp-json\/wp\/v2\/media?parent=951"}],"wp:term":[{"taxonomy":"category","embeddable":true,"href":"https:\/\/www.ljusnaren.se\/index.php\/wp-json\/wp\/v2\/categories?post=951"},{"taxonomy":"post_tag","embeddable":true,"href":"https:\/\/www.ljusnaren.se\/index.php\/wp-json\/wp\/v2\/tags?post=951"}],"curies":[{"name":"wp","href":"https:\/\/api.w.org\/{rel}","templated":true}]}}