{"id":953,"date":"2025-02-20T14:05:12","date_gmt":"2025-02-20T14:05:12","guid":{"rendered":"https:\/\/www.ljusnaren.se\/?p=953"},"modified":"2025-04-27T18:45:42","modified_gmt":"2025-04-27T18:45:42","slug":"1836-04-10","status":"publish","type":"post","link":"https:\/\/www.ljusnaren.se\/index.php\/2025\/02\/20\/1836-04-10\/","title":{"rendered":"1836-04-10"},"content":{"rendered":"\n<p>\u00c5rets berednings-kommitt\u00e9 ska v\u00e4ljas, liksom en taxeringskommitt\u00e9 f\u00f6r h\u00e4radet&#8230;<\/p>\n\n\n\n<h3 class=\"wp-block-heading\">Protokoll h\u00e5llet \u00e5 allm\u00e4n sockenst\u00e4mma med med Ljusnarsbergs f\u00f6rsamling den 10 april 1836<\/h3>\n\n\n\n<p><em>\u00a71. Till ledam\u00f6ter uti denna \u00e5rets beredningskommitt\u00e9 om kommer att h\u00e5llas d. 18:e i denna m\u00e5nad, valdes herr patron P.J Lundbom vid L\u00f6fn\u00e4s, sexmannen Johan Adler \u00e5 Kyrkbacken, n\u00e4mndeman Erik Kronberg vid Lill\u00e4ng, bergslagskass\u00f6ren B.J T\u00f6rneblom vid Heden, sexman Erik Hindersson vid Brusala, samt sexmannen Erik Matsson vid Heden.<\/em><\/p>\n\n\n\n<p><em>\u00a72. I h\u00e4ndelse denna f\u00f6rsamling s\u00e5som utg\u00f6rande ett h\u00e4rad skulle f\u00e5 sin egen taxeringskommitt\u00e9, valdes till ledam\u00f6ter d\u00e4ruti, utom de i f\u00f6reg\u00e5ende \u00a7 n\u00e4mnde, herr patron J.N Eriksson vid Laxbro, komminister G Roman, samt sexmannen Erik Jansson i Stenn\u00e4s.<\/em><\/p>\n\n\n\n<p><em>S\u00e5lunda valt intyga datum ut supra \u00e5 f\u00f6rsamlingens v\u00e4gnar<br>Gustaf Godenius, pastor ordf\u00f6rande<br>Jan Israelsson vid Wiken<\/em><\/p>\n","protected":false},"excerpt":{"rendered":"<p>\u00c5rets berednings-kommitt\u00e9 ska v\u00e4ljas, liksom en taxeringskommitt\u00e9 f\u00f6r h\u00e4radet&#8230; Protokoll h\u00e5llet \u00e5 allm\u00e4n sockenst\u00e4mma med med Ljusnarsbergs f\u00f6rsamling den 10 april 1836 \u00a71. Till ledam\u00f6ter uti denna \u00e5rets beredningskommitt\u00e9 om kommer att h\u00e5llas d. 18:e i denna m\u00e5nad, valdes herr patron P.J Lundbom vid L\u00f6fn\u00e4s, sexmannen Johan Adler \u00e5 Kyrkbacken, n\u00e4mndeman Erik Kronberg vid Lill\u00e4ng, [&hellip;]<\/p>\n","protected":false},"author":1,"featured_media":834,"comment_status":"closed","ping_status":"closed","sticky":false,"template":"","format":"standard","meta":{"footnotes":""},"categories":[247,21],"tags":[252,18,188,241],"class_list":["post-953","post","type-post","status-publish","format-standard","has-post-thumbnail","hentry","category-247","category-sockenstammoprotokoll","tag-beredningskommitte","tag-heden","tag-lillang","tag-stora-brusala"],"_links":{"self":[{"href":"https:\/\/www.ljusnaren.se\/index.php\/wp-json\/wp\/v2\/posts\/953","targetHints":{"allow":["GET"]}}],"collection":[{"href":"https:\/\/www.ljusnaren.se\/index.php\/wp-json\/wp\/v2\/posts"}],"about":[{"href":"https:\/\/www.ljusnaren.se\/index.php\/wp-json\/wp\/v2\/types\/post"}],"author":[{"embeddable":true,"href":"https:\/\/www.ljusnaren.se\/index.php\/wp-json\/wp\/v2\/users\/1"}],"replies":[{"embeddable":true,"href":"https:\/\/www.ljusnaren.se\/index.php\/wp-json\/wp\/v2\/comments?post=953"}],"version-history":[{"count":2,"href":"https:\/\/www.ljusnaren.se\/index.php\/wp-json\/wp\/v2\/posts\/953\/revisions"}],"predecessor-version":[{"id":965,"href":"https:\/\/www.ljusnaren.se\/index.php\/wp-json\/wp\/v2\/posts\/953\/revisions\/965"}],"wp:featuredmedia":[{"embeddable":true,"href":"https:\/\/www.ljusnaren.se\/index.php\/wp-json\/wp\/v2\/media\/834"}],"wp:attachment":[{"href":"https:\/\/www.ljusnaren.se\/index.php\/wp-json\/wp\/v2\/media?parent=953"}],"wp:term":[{"taxonomy":"category","embeddable":true,"href":"https:\/\/www.ljusnaren.se\/index.php\/wp-json\/wp\/v2\/categories?post=953"},{"taxonomy":"post_tag","embeddable":true,"href":"https:\/\/www.ljusnaren.se\/index.php\/wp-json\/wp\/v2\/tags?post=953"}],"curies":[{"name":"wp","href":"https:\/\/api.w.org\/{rel}","templated":true}]}}